{"id":7652,"date":"2025-11-24T08:54:54","date_gmt":"2025-11-24T07:54:54","guid":{"rendered":"https:\/\/www.ifmarinvast.se\/orientering\/?p=7652"},"modified":"2025-11-24T08:59:36","modified_gmt":"2025-11-24T07:59:36","slug":"inbjudan-till-julavslutning-2025","status":"publish","type":"post","link":"https:\/\/www.ifmarinvast.se\/orientering\/inbjudan-till-julavslutning-2025\/","title":{"rendered":"Inbjudan till julavslutning 2025"},"content":{"rendered":"\n<p>S\u00f6ndagen den&nbsp;<strong>14 december<\/strong>&nbsp;klockan&nbsp;<strong>13.00<\/strong>&nbsp;h\u00e4lsar vi alla medlemmar med anh\u00f6riga varmt v\u00e4lkomna till IF Marin V\u00e4sts julavslutning i v\u00e5r klubbstuga i Ruddalen!<\/p>\n\n\n\n<p>Vi bjuder in till en mysig och rolig eftermiddag med&nbsp;<strong>r\u00e4ven<\/strong>,&nbsp;<strong>prisutdelningar<\/strong>&nbsp;och&nbsp;<strong>pizza<\/strong>.&nbsp;Det blir \u00e4ven en kort information om klubbens arbete inf\u00f6r O-Ringen 2026 samt diskussion om&nbsp;kommande klubbaktiviteter och id\u00e9er f\u00f6r framtiden.<\/p>\n\n\n\n<p>Vill du bidra med n\u00e5got extra \u2013 kanske ett framtr\u00e4dande, en s\u00e5ng eller en lek \u2013 s\u00e5 uppskattas det mycket!<\/p>\n\n\n\n<p><strong>Plats:<\/strong>&nbsp;Klubbstugan, Musikv\u00e4gen 61<br><strong>Tid:<\/strong>&nbsp;S\u00f6ndag&nbsp;<strong>14 december<\/strong>, kl. 13.00\u2013ca 16.00<\/p>\n\n\n\n<ul class=\"wp-block-list\">\n<li>Det kommer att finnas vegetarisk pizza.<\/li>\n\n\n\n<li>Medlemmar deltar kostnadsfritt.<\/li>\n\n\n\n<li>Anh\u00f6riga \u00e4r varmt v\u00e4lkomna till sj\u00e4lvkostnadspris (100 kr), som betalas i f\u00f6rv\u00e4g till klubbens bankgiro 537-7866.<\/li>\n<\/ul>\n\n\n\n<p><strong>Anm\u00e4lan:<\/strong><br>Senast\u00a0<strong>8\u00a0december<\/strong>\u00a0till<\/p>\n\n\n\n<p>&nbsp;<strong><a href=\"mailto:avslutning@ifmarinvast.se\" target=\"_blank\" rel=\"noreferrer noopener\">avslutning@ifmarinvast.se<\/a><\/strong><br>Ange namn och antal personer som kommer.<\/p>\n\n\n\n<p>Vi ser fram emot att avsluta \u00e5ret tillsammans \u2013 varmt v\u00e4lkomna!<\/p>\n","protected":false},"excerpt":{"rendered":"<p>S\u00f6ndagen den&nbsp;14 december&nbsp;klockan&nbsp;13.00&nbsp;h\u00e4lsar vi alla medlemmar med anh\u00f6riga varmt v\u00e4lkomna till IF Marin V\u00e4sts julavslutning i v\u00e5r klubbstuga i Ruddalen! Vi bjuder in till en mysig och rolig eftermiddag med&nbsp;r\u00e4ven,&nbsp;prisutdelningar&nbsp;och&nbsp;pizza.&nbsp;Det [&hellip;]<\/p>\n","protected":false},"author":4,"featured_media":0,"comment_status":"closed","ping_status":"closed","sticky":false,"template":"","format":"standard","meta":{"footnotes":""},"categories":[262],"tags":[],"class_list":["post-7652","post","type-post","status-publish","format-standard","hentry","category-nyheter"],"_links":{"self":[{"href":"https:\/\/www.ifmarinvast.se\/orientering\/wp-json\/wp\/v2\/posts\/7652","targetHints":{"allow":["GET"]}}],"collection":[{"href":"https:\/\/www.ifmarinvast.se\/orientering\/wp-json\/wp\/v2\/posts"}],"about":[{"href":"https:\/\/www.ifmarinvast.se\/orientering\/wp-json\/wp\/v2\/types\/post"}],"author":[{"embeddable":true,"href":"https:\/\/www.ifmarinvast.se\/orientering\/wp-json\/wp\/v2\/users\/4"}],"replies":[{"embeddable":true,"href":"https:\/\/www.ifmarinvast.se\/orientering\/wp-json\/wp\/v2\/comments?post=7652"}],"version-history":[{"count":3,"href":"https:\/\/www.ifmarinvast.se\/orientering\/wp-json\/wp\/v2\/posts\/7652\/revisions"}],"predecessor-version":[{"id":7658,"href":"https:\/\/www.ifmarinvast.se\/orientering\/wp-json\/wp\/v2\/posts\/7652\/revisions\/7658"}],"wp:attachment":[{"href":"https:\/\/www.ifmarinvast.se\/orientering\/wp-json\/wp\/v2\/media?parent=7652"}],"wp:term":[{"taxonomy":"category","embeddable":true,"href":"https:\/\/www.ifmarinvast.se\/orientering\/wp-json\/wp\/v2\/categories?post=7652"},{"taxonomy":"post_tag","embeddable":true,"href":"https:\/\/www.ifmarinvast.se\/orientering\/wp-json\/wp\/v2\/tags?post=7652"}],"curies":[{"name":"wp","href":"https:\/\/api.w.org\/{rel}","templated":true}]}}