{"id":764,"date":"2004-06-12T00:00:00","date_gmt":"2004-06-11T22:00:00","guid":{"rendered":"http:\/\/ifmarinvast.se\/2016\/sommartraning\/"},"modified":"2015-10-11T14:45:33","modified_gmt":"2015-10-11T12:45:33","slug":"sommartraning","status":"publish","type":"post","link":"https:\/\/www.ifmarinvast.se\/orientering\/sommartraning\/","title":{"rendered":"Sommartr\u00e4ning"},"content":{"rendered":"<p><img src='http:\/\/www.ifmv.nu\/pic\/svalebo.jpg' align='right' border='1'>P\u00e5 onsdag (16 juni) klockan 18.00 arrangerar Klas och Anders en sommartr\u00e4ning med sprintkarakt\u00e4r p\u00e5 den gamla, men f\u00f6r oss nya, kartan \u00f6ver Svalebo vid Mariaplan.<\/p>\n<p>Samling vid Kungsladug\u00e5rdsskolan. Start fr\u00e5n 18.00. Det finns tv\u00e5 banor, en kortare och en l\u00e4ngre.<\/p>\n<p>Ta chansen att tr\u00e4na tillsammans med andra p\u00e5 ett snabbt, intensivt och roligt s\u00e4tt!<\/p>\n<p>Anm\u00e4l dig g\u00e4rna n\u00e5gon dag innan, s\u00e5 att vi vet hur m\u00e5nga kartor som g\u00e5r \u00e5t. Anm\u00e4l dig till <a href='mailto:klas@ifmv.nu'>klas@ifmv.nu<\/a>.<\/p>\n<p><a href='http:\/\/www.ifmv.nu\/aktuellt\/sommar1_2004.pdf' target='_blank'>L\u00e4s hela inbjudan \u00bb<\/a><\/p>\n","protected":false},"excerpt":{"rendered":"<p>P\u00e5 onsdag (16 juni) klockan 18.00 arrangerar Klas och Anders en sommartr\u00e4ning med sprintkarakt\u00e4r p\u00e5 den gamla, men f\u00f6r oss nya, kartan \u00f6ver Svalebo vid Mariaplan. Samling vid Kungsladug\u00e5rdsskolan. Start [&hellip;]<\/p>\n","protected":false},"author":2,"featured_media":0,"comment_status":"open","ping_status":"open","sticky":false,"template":"","format":"standard","meta":{"footnotes":""},"categories":[262,1],"tags":[],"class_list":["post-764","post","type-post","status-publish","format-standard","hentry","category-nyheter","category-okategoriserade"],"_links":{"self":[{"href":"https:\/\/www.ifmarinvast.se\/orientering\/wp-json\/wp\/v2\/posts\/764","targetHints":{"allow":["GET"]}}],"collection":[{"href":"https:\/\/www.ifmarinvast.se\/orientering\/wp-json\/wp\/v2\/posts"}],"about":[{"href":"https:\/\/www.ifmarinvast.se\/orientering\/wp-json\/wp\/v2\/types\/post"}],"author":[{"embeddable":true,"href":"https:\/\/www.ifmarinvast.se\/orientering\/wp-json\/wp\/v2\/users\/2"}],"replies":[{"embeddable":true,"href":"https:\/\/www.ifmarinvast.se\/orientering\/wp-json\/wp\/v2\/comments?post=764"}],"version-history":[{"count":1,"href":"https:\/\/www.ifmarinvast.se\/orientering\/wp-json\/wp\/v2\/posts\/764\/revisions"}],"predecessor-version":[{"id":3142,"href":"https:\/\/www.ifmarinvast.se\/orientering\/wp-json\/wp\/v2\/posts\/764\/revisions\/3142"}],"wp:attachment":[{"href":"https:\/\/www.ifmarinvast.se\/orientering\/wp-json\/wp\/v2\/media?parent=764"}],"wp:term":[{"taxonomy":"category","embeddable":true,"href":"https:\/\/www.ifmarinvast.se\/orientering\/wp-json\/wp\/v2\/categories?post=764"},{"taxonomy":"post_tag","embeddable":true,"href":"https:\/\/www.ifmarinvast.se\/orientering\/wp-json\/wp\/v2\/tags?post=764"}],"curies":[{"name":"wp","href":"https:\/\/api.w.org\/{rel}","templated":true}]}}