{"id":752,"date":"2004-05-23T00:00:00","date_gmt":"2004-05-22T22:00:00","guid":{"rendered":"http:\/\/ifmarinvast.se\/2016\/if-marin-vast-arrangerar-varserien-etapp-4\/"},"modified":"2015-10-11T14:45:34","modified_gmt":"2015-10-11T12:45:34","slug":"if-marin-vast-arrangerar-varserien-etapp-4","status":"publish","type":"post","link":"https:\/\/www.ifmarinvast.se\/orientering\/if-marin-vast-arrangerar-varserien-etapp-4\/","title":{"rendered":"IF Marin V\u00e4st arrangerar V\u00e5rserien etapp 4"},"content":{"rendered":"<p>IF Marin V\u00e4st och Skidklubben arrangerar tillsammans V\u00e5rseriens fj\u00e4rde etapp i P\u00e5velund.<\/p>\n<p><b>Sista dag f\u00f6r ordinarie anm\u00e4lan<\/b> \u00e4r s\u00f6ndag den 23 maj. Anm\u00e4l dig via Klubben Online. Det g\u00e5r att efteranm\u00e4la sig fram till 20.00 p\u00e5 fredag kv\u00e4ll, 28 maj.<\/p>\n<p><b>Startlista<\/b> f\u00f6r ordinarie anm\u00e4lningar publiceras h\u00e4r p\u00e5 hemsidan under m\u00e5ndagen. Startlista med efteranm\u00e4lningar publiceras senast l\u00f6rdag morgon.<\/p>\n<p><img src='http:\/\/www.ifmv.nu\/pic\/pavelundmini.jpg' align='right'><b>PM<\/b> f\u00f6r t\u00e4vlingen kommer att finnas p\u00e5 hemsidan senast p\u00e5 torsdag.<\/p>\n<p><b>Pyttelitet kartprov<\/b> finns till h\u00f6ger.<\/p>\n<p><center><i>Varmt v\u00e4lkomna till V\u00e5rseriens fj\u00e4rde etapp \u00f6nskar<br \/><b>IF Marin V\u00e4st och Skidklubben<\/b><\/i><\/center><\/p>\n","protected":false},"excerpt":{"rendered":"<p>IF Marin V\u00e4st och Skidklubben arrangerar tillsammans V\u00e5rseriens fj\u00e4rde etapp i P\u00e5velund. Sista dag f\u00f6r ordinarie anm\u00e4lan \u00e4r s\u00f6ndag den 23 maj. Anm\u00e4l dig via Klubben Online. Det g\u00e5r att [&hellip;]<\/p>\n","protected":false},"author":2,"featured_media":0,"comment_status":"open","ping_status":"open","sticky":false,"template":"","format":"standard","meta":{"footnotes":""},"categories":[262,1],"tags":[],"class_list":["post-752","post","type-post","status-publish","format-standard","hentry","category-nyheter","category-okategoriserade"],"_links":{"self":[{"href":"https:\/\/www.ifmarinvast.se\/orientering\/wp-json\/wp\/v2\/posts\/752","targetHints":{"allow":["GET"]}}],"collection":[{"href":"https:\/\/www.ifmarinvast.se\/orientering\/wp-json\/wp\/v2\/posts"}],"about":[{"href":"https:\/\/www.ifmarinvast.se\/orientering\/wp-json\/wp\/v2\/types\/post"}],"author":[{"embeddable":true,"href":"https:\/\/www.ifmarinvast.se\/orientering\/wp-json\/wp\/v2\/users\/2"}],"replies":[{"embeddable":true,"href":"https:\/\/www.ifmarinvast.se\/orientering\/wp-json\/wp\/v2\/comments?post=752"}],"version-history":[{"count":1,"href":"https:\/\/www.ifmarinvast.se\/orientering\/wp-json\/wp\/v2\/posts\/752\/revisions"}],"predecessor-version":[{"id":1738,"href":"https:\/\/www.ifmarinvast.se\/orientering\/wp-json\/wp\/v2\/posts\/752\/revisions\/1738"}],"wp:attachment":[{"href":"https:\/\/www.ifmarinvast.se\/orientering\/wp-json\/wp\/v2\/media?parent=752"}],"wp:term":[{"taxonomy":"category","embeddable":true,"href":"https:\/\/www.ifmarinvast.se\/orientering\/wp-json\/wp\/v2\/categories?post=752"},{"taxonomy":"post_tag","embeddable":true,"href":"https:\/\/www.ifmarinvast.se\/orientering\/wp-json\/wp\/v2\/tags?post=752"}],"curies":[{"name":"wp","href":"https:\/\/api.w.org\/{rel}","templated":true}]}}