{"id":751,"date":"2004-05-17T00:00:00","date_gmt":"2004-05-16T22:00:00","guid":{"rendered":"http:\/\/ifmarinvast.se\/2016\/nasta-torsdagstraning-27-5-safjallet-krokslatt\/"},"modified":"2015-10-11T14:45:34","modified_gmt":"2015-10-11T12:45:34","slug":"nasta-torsdagstraning-27-5-safjallet-krokslatt","status":"publish","type":"post","link":"https:\/\/www.ifmarinvast.se\/orientering\/nasta-torsdagstraning-27-5-safjallet-krokslatt\/","title":{"rendered":"N\u00e4sta torsdagstr\u00e4ning 27\/5, Safj\u00e4llet, Kroksl\u00e4tt"},"content":{"rendered":"<p>Samling Kroksl\u00e4tts IP. Start 17.30-18.30. Det KM som planerats f\u00f6r denna dag skjuts p\u00e5 till h\u00f6sten. Herkules har f\u00e5tt problem med arrangemanget, ist\u00e4llet blir det tr\u00e4ning p\u00e5 Safj\u00e4llet.<\/p>\n","protected":false},"excerpt":{"rendered":"<p>Samling Kroksl\u00e4tts IP. Start 17.30-18.30. Det KM som planerats f\u00f6r denna dag skjuts p\u00e5 till h\u00f6sten. Herkules har f\u00e5tt problem med arrangemanget, ist\u00e4llet blir det tr\u00e4ning p\u00e5 Safj\u00e4llet.<\/p>\n","protected":false},"author":2,"featured_media":0,"comment_status":"open","ping_status":"open","sticky":false,"template":"","format":"standard","meta":{"footnotes":""},"categories":[262,1],"tags":[],"class_list":["post-751","post","type-post","status-publish","format-standard","hentry","category-nyheter","category-okategoriserade"],"_links":{"self":[{"href":"https:\/\/www.ifmarinvast.se\/orientering\/wp-json\/wp\/v2\/posts\/751","targetHints":{"allow":["GET"]}}],"collection":[{"href":"https:\/\/www.ifmarinvast.se\/orientering\/wp-json\/wp\/v2\/posts"}],"about":[{"href":"https:\/\/www.ifmarinvast.se\/orientering\/wp-json\/wp\/v2\/types\/post"}],"author":[{"embeddable":true,"href":"https:\/\/www.ifmarinvast.se\/orientering\/wp-json\/wp\/v2\/users\/2"}],"replies":[{"embeddable":true,"href":"https:\/\/www.ifmarinvast.se\/orientering\/wp-json\/wp\/v2\/comments?post=751"}],"version-history":[{"count":1,"href":"https:\/\/www.ifmarinvast.se\/orientering\/wp-json\/wp\/v2\/posts\/751\/revisions"}],"predecessor-version":[{"id":1737,"href":"https:\/\/www.ifmarinvast.se\/orientering\/wp-json\/wp\/v2\/posts\/751\/revisions\/1737"}],"wp:attachment":[{"href":"https:\/\/www.ifmarinvast.se\/orientering\/wp-json\/wp\/v2\/media?parent=751"}],"wp:term":[{"taxonomy":"category","embeddable":true,"href":"https:\/\/www.ifmarinvast.se\/orientering\/wp-json\/wp\/v2\/categories?post=751"},{"taxonomy":"post_tag","embeddable":true,"href":"https:\/\/www.ifmarinvast.se\/orientering\/wp-json\/wp\/v2\/tags?post=751"}],"curies":[{"name":"wp","href":"https:\/\/api.w.org\/{rel}","templated":true}]}}