{"id":749,"date":"2004-05-13T00:00:00","date_gmt":"2004-05-12T22:00:00","guid":{"rendered":"http:\/\/ifmarinvast.se\/2016\/anmalan-till-sommarens-orienteringslager\/"},"modified":"2015-10-11T14:45:34","modified_gmt":"2015-10-11T12:45:34","slug":"anmalan-till-sommarens-orienteringslager","status":"publish","type":"post","link":"https:\/\/www.ifmarinvast.se\/orientering\/anmalan-till-sommarens-orienteringslager\/","title":{"rendered":"ANM\u00c4LAN TILL SOMMARENS ORIENTERINGSL\u00c4GER"},"content":{"rendered":"<p>Anm\u00e4lan skall ske senast p\u00e5 l\u00f6rdag 15 maj (V\u00e5rserieetapp 2) via klubbledare. Skicka anm\u00e4lan till mig per mail senast p\u00e5 fredagen. Blanketter finns p\u00e5 GOF:s hemsida under &#8217;Ungdom\/L\u00e4ger&#8217;. www-adressen finns under &#8217;L\u00e4nkar&#8217; p\u00e5 v\u00e5r hemsida.<\/p>\n","protected":false},"excerpt":{"rendered":"<p>Anm\u00e4lan skall ske senast p\u00e5 l\u00f6rdag 15 maj (V\u00e5rserieetapp 2) via klubbledare. Skicka anm\u00e4lan till mig per mail senast p\u00e5 fredagen. Blanketter finns p\u00e5 GOF:s hemsida under &#8217;Ungdom\/L\u00e4ger&#8217;. www-adressen finns [&hellip;]<\/p>\n","protected":false},"author":2,"featured_media":0,"comment_status":"open","ping_status":"open","sticky":false,"template":"","format":"standard","meta":{"footnotes":""},"categories":[262,1],"tags":[],"class_list":["post-749","post","type-post","status-publish","format-standard","hentry","category-nyheter","category-okategoriserade"],"_links":{"self":[{"href":"https:\/\/www.ifmarinvast.se\/orientering\/wp-json\/wp\/v2\/posts\/749","targetHints":{"allow":["GET"]}}],"collection":[{"href":"https:\/\/www.ifmarinvast.se\/orientering\/wp-json\/wp\/v2\/posts"}],"about":[{"href":"https:\/\/www.ifmarinvast.se\/orientering\/wp-json\/wp\/v2\/types\/post"}],"author":[{"embeddable":true,"href":"https:\/\/www.ifmarinvast.se\/orientering\/wp-json\/wp\/v2\/users\/2"}],"replies":[{"embeddable":true,"href":"https:\/\/www.ifmarinvast.se\/orientering\/wp-json\/wp\/v2\/comments?post=749"}],"version-history":[{"count":1,"href":"https:\/\/www.ifmarinvast.se\/orientering\/wp-json\/wp\/v2\/posts\/749\/revisions"}],"predecessor-version":[{"id":1736,"href":"https:\/\/www.ifmarinvast.se\/orientering\/wp-json\/wp\/v2\/posts\/749\/revisions\/1736"}],"wp:attachment":[{"href":"https:\/\/www.ifmarinvast.se\/orientering\/wp-json\/wp\/v2\/media?parent=749"}],"wp:term":[{"taxonomy":"category","embeddable":true,"href":"https:\/\/www.ifmarinvast.se\/orientering\/wp-json\/wp\/v2\/categories?post=749"},{"taxonomy":"post_tag","embeddable":true,"href":"https:\/\/www.ifmarinvast.se\/orientering\/wp-json\/wp\/v2\/tags?post=749"}],"curies":[{"name":"wp","href":"https:\/\/api.w.org\/{rel}","templated":true}]}}