{"id":739,"date":"2004-04-26T00:00:00","date_gmt":"2004-04-25T22:00:00","guid":{"rendered":"http:\/\/ifmarinvast.se\/2016\/nu-hander-det-mycket-pa-stadfronten\/"},"modified":"2015-10-11T14:45:35","modified_gmt":"2015-10-11T12:45:35","slug":"nu-hander-det-mycket-pa-stadfronten","status":"publish","type":"post","link":"https:\/\/www.ifmarinvast.se\/orientering\/nu-hander-det-mycket-pa-stadfronten\/","title":{"rendered":"Nu h\u00e4nder det mycket p\u00e5 st\u00e4dfronten!"},"content":{"rendered":"<p>Lilla P\u00e5velundskolan flyttade efter p\u00e5sk till nya lokaler p\u00e5 Redegatan. Fr\u00e5n och med denna veckan st\u00e4dar vi d\u00e4r i st\u00e4llet f\u00f6r p\u00e5 Talattagatan.<br \/>Fritidsg\u00e5rden flyttar den 29 april till Nya P\u00e5velundskolan. Alla kvarvarande st\u00e4dtillf\u00e4llen omvandlas till en enda storst\u00e4dning v19. Ni som har st\u00e4dtillf\u00e4llen kvar: kontakta mig s\u00e5 f\u00e5r ni veta mera. <br \/>Hur det blir med fritidsg\u00e5rdsst\u00e4dningen i h\u00f6st \u00e4r inte klart \u00e4n.<\/p>\n","protected":false},"excerpt":{"rendered":"<p>Lilla P\u00e5velundskolan flyttade efter p\u00e5sk till nya lokaler p\u00e5 Redegatan. Fr\u00e5n och med denna veckan st\u00e4dar vi d\u00e4r i st\u00e4llet f\u00f6r p\u00e5 Talattagatan.Fritidsg\u00e5rden flyttar den 29 april till Nya P\u00e5velundskolan. [&hellip;]<\/p>\n","protected":false},"author":2,"featured_media":0,"comment_status":"open","ping_status":"open","sticky":false,"template":"","format":"standard","meta":{"footnotes":""},"categories":[262,1],"tags":[],"class_list":["post-739","post","type-post","status-publish","format-standard","hentry","category-nyheter","category-okategoriserade"],"_links":{"self":[{"href":"https:\/\/www.ifmarinvast.se\/orientering\/wp-json\/wp\/v2\/posts\/739","targetHints":{"allow":["GET"]}}],"collection":[{"href":"https:\/\/www.ifmarinvast.se\/orientering\/wp-json\/wp\/v2\/posts"}],"about":[{"href":"https:\/\/www.ifmarinvast.se\/orientering\/wp-json\/wp\/v2\/types\/post"}],"author":[{"embeddable":true,"href":"https:\/\/www.ifmarinvast.se\/orientering\/wp-json\/wp\/v2\/users\/2"}],"replies":[{"embeddable":true,"href":"https:\/\/www.ifmarinvast.se\/orientering\/wp-json\/wp\/v2\/comments?post=739"}],"version-history":[{"count":1,"href":"https:\/\/www.ifmarinvast.se\/orientering\/wp-json\/wp\/v2\/posts\/739\/revisions"}],"predecessor-version":[{"id":1733,"href":"https:\/\/www.ifmarinvast.se\/orientering\/wp-json\/wp\/v2\/posts\/739\/revisions\/1733"}],"wp:attachment":[{"href":"https:\/\/www.ifmarinvast.se\/orientering\/wp-json\/wp\/v2\/media?parent=739"}],"wp:term":[{"taxonomy":"category","embeddable":true,"href":"https:\/\/www.ifmarinvast.se\/orientering\/wp-json\/wp\/v2\/categories?post=739"},{"taxonomy":"post_tag","embeddable":true,"href":"https:\/\/www.ifmarinvast.se\/orientering\/wp-json\/wp\/v2\/tags?post=739"}],"curies":[{"name":"wp","href":"https:\/\/api.w.org\/{rel}","templated":true}]}}