{"id":730,"date":"2004-04-11T00:00:00","date_gmt":"2004-04-10T22:00:00","guid":{"rendered":"http:\/\/ifmarinvast.se\/2016\/ifmvs-d14-lag-gor-skane\/"},"modified":"2015-10-11T14:45:47","modified_gmt":"2015-10-11T12:45:47","slug":"ifmvs-d14-lag-gor-skane","status":"publish","type":"post","link":"https:\/\/www.ifmarinvast.se\/orientering\/ifmvs-d14-lag-gor-skane\/","title":{"rendered":"IFMVs D14-lag g\u00f6r Sk\u00e5ne"},"content":{"rendered":"<p>Under l\u00e5ngfredagen \u00e5kte ett IFMV-lag best\u00e5ende av Hanna, Emma G och Ylva ned till Hallands\u00e5sen f\u00f6r att springa budkavle. Det l\u00e4r ha varit stenh\u00e5rd fight och fantastiska resultat, en tredjeplats!<\/p>\n<p>Stort grattis till laget, och en <a href='http:\/\/www.7-manna.dimachosting.net\/tavlings_info.html' target='_blank'>l\u00e4nk<\/a> till alla nyfikna som inte var med.<\/p>\n","protected":false},"excerpt":{"rendered":"<p>Under l\u00e5ngfredagen \u00e5kte ett IFMV-lag best\u00e5ende av Hanna, Emma G och Ylva ned till Hallands\u00e5sen f\u00f6r att springa budkavle. Det l\u00e4r ha varit stenh\u00e5rd fight och fantastiska resultat, en tredjeplats! [&hellip;]<\/p>\n","protected":false},"author":2,"featured_media":0,"comment_status":"open","ping_status":"open","sticky":false,"template":"","format":"standard","meta":{"footnotes":""},"categories":[262,1],"tags":[],"class_list":["post-730","post","type-post","status-publish","format-standard","hentry","category-nyheter","category-okategoriserade"],"_links":{"self":[{"href":"https:\/\/www.ifmarinvast.se\/orientering\/wp-json\/wp\/v2\/posts\/730","targetHints":{"allow":["GET"]}}],"collection":[{"href":"https:\/\/www.ifmarinvast.se\/orientering\/wp-json\/wp\/v2\/posts"}],"about":[{"href":"https:\/\/www.ifmarinvast.se\/orientering\/wp-json\/wp\/v2\/types\/post"}],"author":[{"embeddable":true,"href":"https:\/\/www.ifmarinvast.se\/orientering\/wp-json\/wp\/v2\/users\/2"}],"replies":[{"embeddable":true,"href":"https:\/\/www.ifmarinvast.se\/orientering\/wp-json\/wp\/v2\/comments?post=730"}],"version-history":[{"count":1,"href":"https:\/\/www.ifmarinvast.se\/orientering\/wp-json\/wp\/v2\/posts\/730\/revisions"}],"predecessor-version":[{"id":1725,"href":"https:\/\/www.ifmarinvast.se\/orientering\/wp-json\/wp\/v2\/posts\/730\/revisions\/1725"}],"wp:attachment":[{"href":"https:\/\/www.ifmarinvast.se\/orientering\/wp-json\/wp\/v2\/media?parent=730"}],"wp:term":[{"taxonomy":"category","embeddable":true,"href":"https:\/\/www.ifmarinvast.se\/orientering\/wp-json\/wp\/v2\/categories?post=730"},{"taxonomy":"post_tag","embeddable":true,"href":"https:\/\/www.ifmarinvast.se\/orientering\/wp-json\/wp\/v2\/tags?post=730"}],"curies":[{"name":"wp","href":"https:\/\/api.w.org\/{rel}","templated":true}]}}