{"id":712,"date":"2004-03-03T00:00:00","date_gmt":"2004-03-02T23:00:00","guid":{"rendered":"http:\/\/ifmarinvast.se\/2016\/dags-att-anmala-rutan\/"},"modified":"2015-10-11T14:45:49","modified_gmt":"2015-10-11T12:45:49","slug":"dags-att-anmala-rutan","status":"publish","type":"post","link":"https:\/\/www.ifmarinvast.se\/orientering\/dags-att-anmala-rutan\/","title":{"rendered":"Dags att anm\u00e4la-rutan"},"content":{"rendered":"<p>Nu b\u00f6rjar snart t\u00e4vlingss\u00e4songen och det \u00e4r dags att anm\u00e4la sig till de f\u00f6rsta t\u00e4vlingarna. Till h\u00f6ger h\u00e4r p\u00e5 f\u00f6rstasidan finns d\u00e4rf\u00f6r en liten Dags att anm\u00e4la-ruta som visar vilka t\u00e4vlingar som har mindre \u00e4n fem dagar kvar till sista anm\u00e4lningsdag.<\/p>\n<p>F\u00f6rsta datumet \u00e4r vilken dag t\u00e4vlingen g\u00e5r och det r\u00f6da datumet \u00e4r dagen f\u00f6r sista anm\u00e4lan. Klicka p\u00e5 t\u00e4vlingen f\u00f6r att komma direkt till t\u00e4vlingskalendern d\u00e4r du kan anm\u00e4la dig via KlubbenOnline.<\/p>\n","protected":false},"excerpt":{"rendered":"<p>Nu b\u00f6rjar snart t\u00e4vlingss\u00e4songen och det \u00e4r dags att anm\u00e4la sig till de f\u00f6rsta t\u00e4vlingarna. Till h\u00f6ger h\u00e4r p\u00e5 f\u00f6rstasidan finns d\u00e4rf\u00f6r en liten Dags att anm\u00e4la-ruta som visar vilka [&hellip;]<\/p>\n","protected":false},"author":2,"featured_media":0,"comment_status":"open","ping_status":"open","sticky":false,"template":"","format":"standard","meta":{"footnotes":""},"categories":[262,1],"tags":[],"class_list":["post-712","post","type-post","status-publish","format-standard","hentry","category-nyheter","category-okategoriserade"],"_links":{"self":[{"href":"https:\/\/www.ifmarinvast.se\/orientering\/wp-json\/wp\/v2\/posts\/712","targetHints":{"allow":["GET"]}}],"collection":[{"href":"https:\/\/www.ifmarinvast.se\/orientering\/wp-json\/wp\/v2\/posts"}],"about":[{"href":"https:\/\/www.ifmarinvast.se\/orientering\/wp-json\/wp\/v2\/types\/post"}],"author":[{"embeddable":true,"href":"https:\/\/www.ifmarinvast.se\/orientering\/wp-json\/wp\/v2\/users\/2"}],"replies":[{"embeddable":true,"href":"https:\/\/www.ifmarinvast.se\/orientering\/wp-json\/wp\/v2\/comments?post=712"}],"version-history":[{"count":1,"href":"https:\/\/www.ifmarinvast.se\/orientering\/wp-json\/wp\/v2\/posts\/712\/revisions"}],"predecessor-version":[{"id":1714,"href":"https:\/\/www.ifmarinvast.se\/orientering\/wp-json\/wp\/v2\/posts\/712\/revisions\/1714"}],"wp:attachment":[{"href":"https:\/\/www.ifmarinvast.se\/orientering\/wp-json\/wp\/v2\/media?parent=712"}],"wp:term":[{"taxonomy":"category","embeddable":true,"href":"https:\/\/www.ifmarinvast.se\/orientering\/wp-json\/wp\/v2\/categories?post=712"},{"taxonomy":"post_tag","embeddable":true,"href":"https:\/\/www.ifmarinvast.se\/orientering\/wp-json\/wp\/v2\/tags?post=712"}],"curies":[{"name":"wp","href":"https:\/\/api.w.org\/{rel}","templated":true}]}}