{"id":701,"date":"2004-02-01T00:00:00","date_gmt":"2004-01-31T23:00:00","guid":{"rendered":"http:\/\/ifmarinvast.se\/2016\/vintercup-2\/"},"modified":"2015-10-11T14:45:59","modified_gmt":"2015-10-11T12:45:59","slug":"vintercup-2","status":"publish","type":"post","link":"https:\/\/www.ifmarinvast.se\/orientering\/vintercup-2\/","title":{"rendered":"Vintercup 2"},"content":{"rendered":"<p><a href='http:\/\/www.longitud.net\/ifmv\/album\/album\/arkiv\/2004-02-01\/index.html' target='_blank'><img src='http:\/\/www.longitud.net\/ifmv\/album\/album\/arkiv\/2004-02-01\/thumbnails\/P2010034_edited.jpg' align='right' border='1'><\/a><a href='http:\/\/www.ifmv.nu\/arrangemang\/vintercupresultat.asp'>Resultaten<\/a> finns nu p\u00e5 <a href='http:\/\/www.ifmv.nu\/arrangemang\/'>arrangemangssidan<\/a>.<\/p>\n<p><a href='http:\/\/www.longitud.net\/ifmv\/album\/album\/arkiv\/2004-02-01\/index.html' target='_blank'>Bilder<\/a> fr\u00e5n tr\u00e4ningen finns i <a href='http:\/\/www.ifmv.nu\/album\/'>fotoalbumet<\/a>.<\/p>\n","protected":false},"excerpt":{"rendered":"<p>Resultaten finns nu p\u00e5 arrangemangssidan. Bilder fr\u00e5n tr\u00e4ningen finns i fotoalbumet.<\/p>\n","protected":false},"author":2,"featured_media":0,"comment_status":"open","ping_status":"open","sticky":false,"template":"","format":"standard","meta":{"footnotes":""},"categories":[262,1],"tags":[],"class_list":["post-701","post","type-post","status-publish","format-standard","hentry","category-nyheter","category-okategoriserade"],"_links":{"self":[{"href":"https:\/\/www.ifmarinvast.se\/orientering\/wp-json\/wp\/v2\/posts\/701","targetHints":{"allow":["GET"]}}],"collection":[{"href":"https:\/\/www.ifmarinvast.se\/orientering\/wp-json\/wp\/v2\/posts"}],"about":[{"href":"https:\/\/www.ifmarinvast.se\/orientering\/wp-json\/wp\/v2\/types\/post"}],"author":[{"embeddable":true,"href":"https:\/\/www.ifmarinvast.se\/orientering\/wp-json\/wp\/v2\/users\/2"}],"replies":[{"embeddable":true,"href":"https:\/\/www.ifmarinvast.se\/orientering\/wp-json\/wp\/v2\/comments?post=701"}],"version-history":[{"count":1,"href":"https:\/\/www.ifmarinvast.se\/orientering\/wp-json\/wp\/v2\/posts\/701\/revisions"}],"predecessor-version":[{"id":1709,"href":"https:\/\/www.ifmarinvast.se\/orientering\/wp-json\/wp\/v2\/posts\/701\/revisions\/1709"}],"wp:attachment":[{"href":"https:\/\/www.ifmarinvast.se\/orientering\/wp-json\/wp\/v2\/media?parent=701"}],"wp:term":[{"taxonomy":"category","embeddable":true,"href":"https:\/\/www.ifmarinvast.se\/orientering\/wp-json\/wp\/v2\/categories?post=701"},{"taxonomy":"post_tag","embeddable":true,"href":"https:\/\/www.ifmarinvast.se\/orientering\/wp-json\/wp\/v2\/tags?post=701"}],"curies":[{"name":"wp","href":"https:\/\/api.w.org\/{rel}","templated":true}]}}