{"id":699,"date":"2004-01-25T00:00:00","date_gmt":"2004-01-24T23:00:00","guid":{"rendered":"http:\/\/ifmarinvast.se\/2016\/599\/"},"modified":"2015-10-11T14:45:59","modified_gmt":"2015-10-11T12:45:59","slug":"599","status":"publish","type":"post","link":"https:\/\/www.ifmarinvast.se\/orientering\/599\/","title":{"rendered":"P\u00e5 s\u00f6ndag den 1 feb arrangerar vi den andra etap&#8230;"},"content":{"rendered":"<p>P\u00e5 s\u00f6ndag den 1 feb arrangerar vi den andra etappen av &#8217;Vintercupen&#8217;. <br \/><a href='http:\/\/longitud.net\/ifmv\/vintercup_etapp2.pdf'>L\u00e4s hela inbjudan h\u00e4r.<\/a><\/p>\n<p>Det finns banalternativ f\u00f6r alla, dessutom bjuder vi p\u00e5 soppa och tilltugg efter en v\u00e4l genomf\u00f6rd tr\u00e4ning. Dusch finns. <\/p>\n<p>F\u00f6r IF Marin V\u00e4st:s medlemmar g\u00e4ller samling vid vakten kl. 09.45. <\/p>\n<p>Alla ni andra tar er direkt till <a href='http:\/\/longitud.net\/ifmv\/vintercup_etapp2.pdf'>L\u00e5ngedrag sj\u00f6scoutk\u00e5rs hus p\u00e5 Skalsk\u00e4rsgatan 1<\/a> d\u00e4r tr\u00e4ningen g\u00e5r av stapeln. Start mellan 10 och 11. <\/p>\n<p>Varmt v\u00e4lkomna!<\/p>\n","protected":false},"excerpt":{"rendered":"<p>P\u00e5 s\u00f6ndag den 1 feb arrangerar vi den andra etappen av &#8217;Vintercupen&#8217;. L\u00e4s hela inbjudan h\u00e4r. Det finns banalternativ f\u00f6r alla, dessutom bjuder vi p\u00e5 soppa och tilltugg efter en [&hellip;]<\/p>\n","protected":false},"author":2,"featured_media":0,"comment_status":"open","ping_status":"open","sticky":false,"template":"","format":"standard","meta":{"footnotes":""},"categories":[262,1],"tags":[],"class_list":["post-699","post","type-post","status-publish","format-standard","hentry","category-nyheter","category-okategoriserade"],"_links":{"self":[{"href":"https:\/\/www.ifmarinvast.se\/orientering\/wp-json\/wp\/v2\/posts\/699","targetHints":{"allow":["GET"]}}],"collection":[{"href":"https:\/\/www.ifmarinvast.se\/orientering\/wp-json\/wp\/v2\/posts"}],"about":[{"href":"https:\/\/www.ifmarinvast.se\/orientering\/wp-json\/wp\/v2\/types\/post"}],"author":[{"embeddable":true,"href":"https:\/\/www.ifmarinvast.se\/orientering\/wp-json\/wp\/v2\/users\/2"}],"replies":[{"embeddable":true,"href":"https:\/\/www.ifmarinvast.se\/orientering\/wp-json\/wp\/v2\/comments?post=699"}],"version-history":[{"count":1,"href":"https:\/\/www.ifmarinvast.se\/orientering\/wp-json\/wp\/v2\/posts\/699\/revisions"}],"predecessor-version":[{"id":3147,"href":"https:\/\/www.ifmarinvast.se\/orientering\/wp-json\/wp\/v2\/posts\/699\/revisions\/3147"}],"wp:attachment":[{"href":"https:\/\/www.ifmarinvast.se\/orientering\/wp-json\/wp\/v2\/media?parent=699"}],"wp:term":[{"taxonomy":"category","embeddable":true,"href":"https:\/\/www.ifmarinvast.se\/orientering\/wp-json\/wp\/v2\/categories?post=699"},{"taxonomy":"post_tag","embeddable":true,"href":"https:\/\/www.ifmarinvast.se\/orientering\/wp-json\/wp\/v2\/tags?post=699"}],"curies":[{"name":"wp","href":"https:\/\/api.w.org\/{rel}","templated":true}]}}