{"id":696,"date":"2004-01-22T00:00:00","date_gmt":"2004-01-21T23:00:00","guid":{"rendered":"http:\/\/ifmarinvast.se\/2016\/dags-att-betala-medlemsavgift\/"},"modified":"2015-10-11T14:46:00","modified_gmt":"2015-10-11T12:46:00","slug":"dags-att-betala-medlemsavgift","status":"publish","type":"post","link":"https:\/\/www.ifmarinvast.se\/orientering\/dags-att-betala-medlemsavgift\/","title":{"rendered":"Dags att betala medlemsavgift"},"content":{"rendered":"<p><img src='http:\/\/www.ifmv.nu\/pic\/medlemskort.jpg' align='right' border='1'>Vad kostar det?<br \/>200 kr\/\u00e5r f\u00f6r myndig person<br \/>100 kr\/\u00e5r f\u00f6r person < 18 \u00e5r<br \/>och finessen:<br \/>400 kr\/\u00e5r f\u00f6r familj, dvs en-tv\u00e5 vuxna och obegr\u00e4nsat antal hemmaboende barn <18 \u00e5r<br \/>F\u00f6r detta kan man delta p\u00e5 alla klubbtr\u00e4ningar, f\u00e5 startavgiften betald p\u00e5 alla nationella t\u00e4vlingar, man f\u00e5r klubbtidning och avslutningsfester.<\/p>\n<p>Det enda man sj\u00e4lv m\u00e5ste g\u00f6ra, ut\u00f6ver betala den l\u00e5ga medlemsavgiften, \u00e4r att st\u00e4da en fritidsg\u00e5rd d\u00e5 och d\u00e5!<\/p>\n<p>Villl man inte t\u00e4vla eller delta p\u00e5 annat s\u00e4tt kan man bli st\u00f6djande medlem f\u00f6r 100 kr\/\u00e5r. D\u00e5 f\u00e5r man klubbtidningen.<\/p>\n","protected":false},"excerpt":{"rendered":"<p>Vad kostar det?200 kr\/\u00e5r f\u00f6r myndig person100 kr\/\u00e5r f\u00f6r person < 18 \u00e5roch finessen:400 kr\/\u00e5r f\u00f6r familj, dvs en-tv\u00e5 vuxna och obegr\u00e4nsat antal hemmaboende barn\n<\/p>\n","protected":false},"author":2,"featured_media":0,"comment_status":"open","ping_status":"open","sticky":false,"template":"","format":"standard","meta":{"footnotes":""},"categories":[262,1],"tags":[],"class_list":["post-696","post","type-post","status-publish","format-standard","hentry","category-nyheter","category-okategoriserade"],"_links":{"self":[{"href":"https:\/\/www.ifmarinvast.se\/orientering\/wp-json\/wp\/v2\/posts\/696","targetHints":{"allow":["GET"]}}],"collection":[{"href":"https:\/\/www.ifmarinvast.se\/orientering\/wp-json\/wp\/v2\/posts"}],"about":[{"href":"https:\/\/www.ifmarinvast.se\/orientering\/wp-json\/wp\/v2\/types\/post"}],"author":[{"embeddable":true,"href":"https:\/\/www.ifmarinvast.se\/orientering\/wp-json\/wp\/v2\/users\/2"}],"replies":[{"embeddable":true,"href":"https:\/\/www.ifmarinvast.se\/orientering\/wp-json\/wp\/v2\/comments?post=696"}],"version-history":[{"count":1,"href":"https:\/\/www.ifmarinvast.se\/orientering\/wp-json\/wp\/v2\/posts\/696\/revisions"}],"predecessor-version":[{"id":3148,"href":"https:\/\/www.ifmarinvast.se\/orientering\/wp-json\/wp\/v2\/posts\/696\/revisions\/3148"}],"wp:attachment":[{"href":"https:\/\/www.ifmarinvast.se\/orientering\/wp-json\/wp\/v2\/media?parent=696"}],"wp:term":[{"taxonomy":"category","embeddable":true,"href":"https:\/\/www.ifmarinvast.se\/orientering\/wp-json\/wp\/v2\/categories?post=696"},{"taxonomy":"post_tag","embeddable":true,"href":"https:\/\/www.ifmarinvast.se\/orientering\/wp-json\/wp\/v2\/tags?post=696"}],"curies":[{"name":"wp","href":"https:\/\/api.w.org\/{rel}","templated":true}]}}