{"id":692,"date":"2004-01-18T00:00:00","date_gmt":"2015-08-16T08:12:51","guid":{"rendered":"http:\/\/ifmarinvast.se\/2016\/?p=692"},"modified":"2015-10-11T14:46:00","modified_gmt":"2015-10-11T12:46:00","slug":"dags-for-arets-forsta-orienteringstraning","status":"publish","type":"post","link":"https:\/\/www.ifmarinvast.se\/orientering\/dags-for-arets-forsta-orienteringstraning\/","title":{"rendered":"Dags f\u00f6r \u00e5rets f\u00f6rsta orienteringstr\u00e4ning"},"content":{"rendered":"<p>Vintercup tillsammans med Fr\u00f6lunda OL s\u00f6ndag 25\/1. Det finns banor f\u00f6r alla.<br \/>Vi samlas utanf\u00f6r vakten Amf4, avresa kl 09.45. Tr\u00e4ningen utg\u00e5r fr\u00e5n Tuve motionscentral, d\u00e4r det finns dusch.<\/p>\n","protected":false},"excerpt":{"rendered":"<p>Vintercup tillsammans med Fr\u00f6lunda OL s\u00f6ndag 25\/1. Det finns banor f\u00f6r alla.Vi samlas utanf\u00f6r vakten Amf4, avresa kl 09.45. Tr\u00e4ningen utg\u00e5r fr\u00e5n Tuve motionscentral, d\u00e4r det finns dusch.<\/p>\n","protected":false},"author":2,"featured_media":0,"comment_status":"open","ping_status":"open","sticky":false,"template":"","format":"standard","meta":{"footnotes":""},"categories":[262,1],"tags":[],"class_list":["post-692","post","type-post","status-publish","format-standard","hentry","category-nyheter","category-okategoriserade"],"_links":{"self":[{"href":"https:\/\/www.ifmarinvast.se\/orientering\/wp-json\/wp\/v2\/posts\/692","targetHints":{"allow":["GET"]}}],"collection":[{"href":"https:\/\/www.ifmarinvast.se\/orientering\/wp-json\/wp\/v2\/posts"}],"about":[{"href":"https:\/\/www.ifmarinvast.se\/orientering\/wp-json\/wp\/v2\/types\/post"}],"author":[{"embeddable":true,"href":"https:\/\/www.ifmarinvast.se\/orientering\/wp-json\/wp\/v2\/users\/2"}],"replies":[{"embeddable":true,"href":"https:\/\/www.ifmarinvast.se\/orientering\/wp-json\/wp\/v2\/comments?post=692"}],"version-history":[{"count":1,"href":"https:\/\/www.ifmarinvast.se\/orientering\/wp-json\/wp\/v2\/posts\/692\/revisions"}],"predecessor-version":[{"id":694,"href":"https:\/\/www.ifmarinvast.se\/orientering\/wp-json\/wp\/v2\/posts\/692\/revisions\/694"}],"wp:attachment":[{"href":"https:\/\/www.ifmarinvast.se\/orientering\/wp-json\/wp\/v2\/media?parent=692"}],"wp:term":[{"taxonomy":"category","embeddable":true,"href":"https:\/\/www.ifmarinvast.se\/orientering\/wp-json\/wp\/v2\/categories?post=692"},{"taxonomy":"post_tag","embeddable":true,"href":"https:\/\/www.ifmarinvast.se\/orientering\/wp-json\/wp\/v2\/tags?post=692"}],"curies":[{"name":"wp","href":"https:\/\/api.w.org\/{rel}","templated":true}]}}