{"id":686,"date":"2004-01-16T00:00:00","date_gmt":"2004-01-15T23:00:00","guid":{"rendered":"http:\/\/ifmarinvast.se\/2016\/nu-borjar-gofs-ungdomstraffar-for-i-ar\/"},"modified":"2015-10-11T14:46:00","modified_gmt":"2015-10-11T12:46:00","slug":"nu-borjar-gofs-ungdomstraffar-for-i-ar","status":"publish","type":"post","link":"https:\/\/www.ifmarinvast.se\/orientering\/nu-borjar-gofs-ungdomstraffar-for-i-ar\/","title":{"rendered":"Nu b\u00f6rjar GOFs ungdomstr\u00e4ffar f\u00f6r i \u00e5r!"},"content":{"rendered":"<p><a href='http:\/\/www.orienteringgoteborg.com\/ungdom\/ungdomstraffar\/index.html' target='_blank'><img src='http:\/\/www.ifmv.nu\/gof.jpg' align='right'><\/a>Alla som fyller 13-16 \u00e5r i \u00e5r \u00e4r v\u00e4lkomna att vara med. N\u00e4sta tr\u00e4ff:<\/p>\n<p><b>N\u00e4r<\/b> L\u00f6rdag 31 jan kl. 11.00<br \/><b>Var<\/b> Tolereds AIK:s klubbstuga vid Tuvevallen<br \/><b>Hur<\/b> Kartminnestr\u00e4ning, samt fika och samvaro.<br \/><b>Anm\u00e4lan<\/b> till <a href='mailto:ledare@ifmv.nu'>ledare@ifmv.nu<\/a> senast s\u00f6n 25 jan.<\/p>\n","protected":false},"excerpt":{"rendered":"<p>Alla som fyller 13-16 \u00e5r i \u00e5r \u00e4r v\u00e4lkomna att vara med. N\u00e4sta tr\u00e4ff: N\u00e4r L\u00f6rdag 31 jan kl. 11.00Var Tolereds AIK:s klubbstuga vid TuvevallenHur Kartminnestr\u00e4ning, samt fika och samvaro.Anm\u00e4lan [&hellip;]<\/p>\n","protected":false},"author":2,"featured_media":0,"comment_status":"open","ping_status":"open","sticky":false,"template":"","format":"standard","meta":{"footnotes":""},"categories":[262,1],"tags":[],"class_list":["post-686","post","type-post","status-publish","format-standard","hentry","category-nyheter","category-okategoriserade"],"_links":{"self":[{"href":"https:\/\/www.ifmarinvast.se\/orientering\/wp-json\/wp\/v2\/posts\/686","targetHints":{"allow":["GET"]}}],"collection":[{"href":"https:\/\/www.ifmarinvast.se\/orientering\/wp-json\/wp\/v2\/posts"}],"about":[{"href":"https:\/\/www.ifmarinvast.se\/orientering\/wp-json\/wp\/v2\/types\/post"}],"author":[{"embeddable":true,"href":"https:\/\/www.ifmarinvast.se\/orientering\/wp-json\/wp\/v2\/users\/2"}],"replies":[{"embeddable":true,"href":"https:\/\/www.ifmarinvast.se\/orientering\/wp-json\/wp\/v2\/comments?post=686"}],"version-history":[{"count":1,"href":"https:\/\/www.ifmarinvast.se\/orientering\/wp-json\/wp\/v2\/posts\/686\/revisions"}],"predecessor-version":[{"id":3149,"href":"https:\/\/www.ifmarinvast.se\/orientering\/wp-json\/wp\/v2\/posts\/686\/revisions\/3149"}],"wp:attachment":[{"href":"https:\/\/www.ifmarinvast.se\/orientering\/wp-json\/wp\/v2\/media?parent=686"}],"wp:term":[{"taxonomy":"category","embeddable":true,"href":"https:\/\/www.ifmarinvast.se\/orientering\/wp-json\/wp\/v2\/categories?post=686"},{"taxonomy":"post_tag","embeddable":true,"href":"https:\/\/www.ifmarinvast.se\/orientering\/wp-json\/wp\/v2\/tags?post=686"}],"curies":[{"name":"wp","href":"https:\/\/api.w.org\/{rel}","templated":true}]}}