{"id":685,"date":"2004-01-15T00:00:00","date_gmt":"2004-01-14T23:00:00","guid":{"rendered":"http:\/\/ifmarinvast.se\/2016\/klubbtidningen-utdelad\/"},"modified":"2015-10-11T14:46:00","modified_gmt":"2015-10-11T12:46:00","slug":"klubbtidningen-utdelad","status":"publish","type":"post","link":"https:\/\/www.ifmarinvast.se\/orientering\/klubbtidningen-utdelad\/","title":{"rendered":"Klubbtidningen utdelad"},"content":{"rendered":"<p><a href='http:\/\/www.longitud.net\/ifmv\/album\/album\/2004-01-15\/pages\/P1150015.html' target='_blank'><img src='http:\/\/www.ifmv.nu\/hans.jpg' align='right' border='1'><\/a>Under kv\u00e4llen har tre tappra pojkar fr\u00e5n IF Marin V\u00e4st sprungit <a href='http:\/\/www.ifmv.nu\/tidningsdistans.jpg' target='_blank'>n\u00e4romr\u00e5det<\/a> runt och lagt klubbtidningar hos v\u00e5ra medlemmar.<\/p>\n<p>De av er som bor f\u00f6r l\u00e5ngt bort f\u00e5r v\u00e4nta n\u00e5gra dagar p\u00e5 postens g\u00e5ng.<\/p>\n<p>Naturligtvis dokumenterades allting, och vissa bilder avsl\u00f6jar b\u00e5de ett och annat, som tex den h\u00e4r intill d\u00e4r man kan se en av klubbens medlemmar h\u00e4nga upp tv\u00e4tt i tv\u00e4ttstugan.<\/p>\n<p>\u00c4r du ocks\u00e5 med p\u00e5 bild, eller \u00e4r din brevl\u00e5da pl\u00e5tad? <a href='http:\/\/www.longitud.net\/ifmv\/album\/album\/2004-01-15\/index.html' target='_blank'>Se sj\u00e4lv i albumet \u00bb<\/a><\/p>\n","protected":false},"excerpt":{"rendered":"<p>Under kv\u00e4llen har tre tappra pojkar fr\u00e5n IF Marin V\u00e4st sprungit n\u00e4romr\u00e5det runt och lagt klubbtidningar hos v\u00e5ra medlemmar. De av er som bor f\u00f6r l\u00e5ngt bort f\u00e5r v\u00e4nta n\u00e5gra [&hellip;]<\/p>\n","protected":false},"author":2,"featured_media":0,"comment_status":"open","ping_status":"open","sticky":false,"template":"","format":"standard","meta":{"footnotes":""},"categories":[262,1],"tags":[],"class_list":["post-685","post","type-post","status-publish","format-standard","hentry","category-nyheter","category-okategoriserade"],"_links":{"self":[{"href":"https:\/\/www.ifmarinvast.se\/orientering\/wp-json\/wp\/v2\/posts\/685","targetHints":{"allow":["GET"]}}],"collection":[{"href":"https:\/\/www.ifmarinvast.se\/orientering\/wp-json\/wp\/v2\/posts"}],"about":[{"href":"https:\/\/www.ifmarinvast.se\/orientering\/wp-json\/wp\/v2\/types\/post"}],"author":[{"embeddable":true,"href":"https:\/\/www.ifmarinvast.se\/orientering\/wp-json\/wp\/v2\/users\/2"}],"replies":[{"embeddable":true,"href":"https:\/\/www.ifmarinvast.se\/orientering\/wp-json\/wp\/v2\/comments?post=685"}],"version-history":[{"count":1,"href":"https:\/\/www.ifmarinvast.se\/orientering\/wp-json\/wp\/v2\/posts\/685\/revisions"}],"predecessor-version":[{"id":3150,"href":"https:\/\/www.ifmarinvast.se\/orientering\/wp-json\/wp\/v2\/posts\/685\/revisions\/3150"}],"wp:attachment":[{"href":"https:\/\/www.ifmarinvast.se\/orientering\/wp-json\/wp\/v2\/media?parent=685"}],"wp:term":[{"taxonomy":"category","embeddable":true,"href":"https:\/\/www.ifmarinvast.se\/orientering\/wp-json\/wp\/v2\/categories?post=685"},{"taxonomy":"post_tag","embeddable":true,"href":"https:\/\/www.ifmarinvast.se\/orientering\/wp-json\/wp\/v2\/tags?post=685"}],"curies":[{"name":"wp","href":"https:\/\/api.w.org\/{rel}","templated":true}]}}