{"id":684,"date":"2004-01-11T00:00:00","date_gmt":"2004-01-10T23:00:00","guid":{"rendered":"http:\/\/ifmarinvast.se\/2016\/ny-tid-for-uppstartmotet-o-ringen-samband\/"},"modified":"2015-10-11T14:46:00","modified_gmt":"2015-10-11T12:46:00","slug":"ny-tid-for-uppstartmotet-o-ringen-samband","status":"publish","type":"post","link":"https:\/\/www.ifmarinvast.se\/orientering\/ny-tid-for-uppstartmotet-o-ringen-samband\/","title":{"rendered":"NY TID F\u00d6R UPPSTARTM\u00d6TET O-RINGEN\/SAMBAND"},"content":{"rendered":"<p><img src='http:\/\/www.orientering.se\/oringen\/files\/%7BE8DFC278-9A93-4A67-8E3E-51FFD7AA3420%7D.jpg' align='right'>Uppstartm\u00f6tet 13 januari \u00e4r inst\u00e4llt p\u00e5 Sven-G\u00f6rans initiativ. Funktionsansvariga chefer har kallats till nytt m\u00f6te 27 januari. Mer information i utskickat mail till ber\u00f6rda chefer.<\/p>\n","protected":false},"excerpt":{"rendered":"<p>Uppstartm\u00f6tet 13 januari \u00e4r inst\u00e4llt p\u00e5 Sven-G\u00f6rans initiativ. Funktionsansvariga chefer har kallats till nytt m\u00f6te 27 januari. Mer information i utskickat mail till ber\u00f6rda chefer.<\/p>\n","protected":false},"author":2,"featured_media":0,"comment_status":"open","ping_status":"open","sticky":false,"template":"","format":"standard","meta":{"footnotes":""},"categories":[262,1],"tags":[],"class_list":["post-684","post","type-post","status-publish","format-standard","hentry","category-nyheter","category-okategoriserade"],"_links":{"self":[{"href":"https:\/\/www.ifmarinvast.se\/orientering\/wp-json\/wp\/v2\/posts\/684","targetHints":{"allow":["GET"]}}],"collection":[{"href":"https:\/\/www.ifmarinvast.se\/orientering\/wp-json\/wp\/v2\/posts"}],"about":[{"href":"https:\/\/www.ifmarinvast.se\/orientering\/wp-json\/wp\/v2\/types\/post"}],"author":[{"embeddable":true,"href":"https:\/\/www.ifmarinvast.se\/orientering\/wp-json\/wp\/v2\/users\/2"}],"replies":[{"embeddable":true,"href":"https:\/\/www.ifmarinvast.se\/orientering\/wp-json\/wp\/v2\/comments?post=684"}],"version-history":[{"count":1,"href":"https:\/\/www.ifmarinvast.se\/orientering\/wp-json\/wp\/v2\/posts\/684\/revisions"}],"predecessor-version":[{"id":1706,"href":"https:\/\/www.ifmarinvast.se\/orientering\/wp-json\/wp\/v2\/posts\/684\/revisions\/1706"}],"wp:attachment":[{"href":"https:\/\/www.ifmarinvast.se\/orientering\/wp-json\/wp\/v2\/media?parent=684"}],"wp:term":[{"taxonomy":"category","embeddable":true,"href":"https:\/\/www.ifmarinvast.se\/orientering\/wp-json\/wp\/v2\/categories?post=684"},{"taxonomy":"post_tag","embeddable":true,"href":"https:\/\/www.ifmarinvast.se\/orientering\/wp-json\/wp\/v2\/tags?post=684"}],"curies":[{"name":"wp","href":"https:\/\/api.w.org\/{rel}","templated":true}]}}