{"id":675,"date":"2003-12-13T00:00:00","date_gmt":"2003-12-12T23:00:00","guid":{"rendered":"http:\/\/ifmarinvast.se\/2016\/575\/"},"modified":"2015-10-11T14:46:01","modified_gmt":"2015-10-11T12:46:01","slug":"575","status":"publish","type":"post","link":"https:\/\/www.ifmarinvast.se\/orientering\/575\/","title":{"rendered":"Lussevakan inleddes med nattorientering d\u00e4r de t&#8230;"},"content":{"rendered":"<p><img src='http:\/\/www.longitud.net\/ifmv\/album\/album\/arkiv\/PC120236.jpg' height='120' width='150' align='right'> Lussevakan inleddes med nattorientering d\u00e4r de tv\u00e5 lagen fick gissa sina tider. P\u00e5 f\u00f6rsta plats kom lag Tobias, Anja, Anders &#038; Anja som avvek 11 min 27,7 sekunder fr\u00e5n sina angivna tider. P\u00e5 andra plats kom lag Matilda, Birgitta, Ylva &#038; Viktor som avvek med 14 min 55,5 sekunder. <\/p>\n<p>D\u00e4refter tillverkades klubbstugan som pepparkakshus. Halvv\u00e4gs in i byggandet fick huset konstrueras om n\u00e4r vi fick se en bild p\u00e5 hur det egentligen skulle se ut.<\/p>\n<p>Bilder fr\u00e5n kv\u00e4llen finns i <a href='http:\/\/www.longitud.net\/ifmv\/album\/album\/2003-12-13\/index.htm'>fotoalbumet<\/a>.<\/p>\n","protected":false},"excerpt":{"rendered":"<p>Lussevakan inleddes med nattorientering d\u00e4r de tv\u00e5 lagen fick gissa sina tider. P\u00e5 f\u00f6rsta plats kom lag Tobias, Anja, Anders &#038; Anja som avvek 11 min 27,7 sekunder fr\u00e5n sina [&hellip;]<\/p>\n","protected":false},"author":2,"featured_media":0,"comment_status":"open","ping_status":"open","sticky":false,"template":"","format":"standard","meta":{"footnotes":""},"categories":[262,1],"tags":[],"class_list":["post-675","post","type-post","status-publish","format-standard","hentry","category-nyheter","category-okategoriserade"],"_links":{"self":[{"href":"https:\/\/www.ifmarinvast.se\/orientering\/wp-json\/wp\/v2\/posts\/675","targetHints":{"allow":["GET"]}}],"collection":[{"href":"https:\/\/www.ifmarinvast.se\/orientering\/wp-json\/wp\/v2\/posts"}],"about":[{"href":"https:\/\/www.ifmarinvast.se\/orientering\/wp-json\/wp\/v2\/types\/post"}],"author":[{"embeddable":true,"href":"https:\/\/www.ifmarinvast.se\/orientering\/wp-json\/wp\/v2\/users\/2"}],"replies":[{"embeddable":true,"href":"https:\/\/www.ifmarinvast.se\/orientering\/wp-json\/wp\/v2\/comments?post=675"}],"version-history":[{"count":1,"href":"https:\/\/www.ifmarinvast.se\/orientering\/wp-json\/wp\/v2\/posts\/675\/revisions"}],"predecessor-version":[{"id":3152,"href":"https:\/\/www.ifmarinvast.se\/orientering\/wp-json\/wp\/v2\/posts\/675\/revisions\/3152"}],"wp:attachment":[{"href":"https:\/\/www.ifmarinvast.se\/orientering\/wp-json\/wp\/v2\/media?parent=675"}],"wp:term":[{"taxonomy":"category","embeddable":true,"href":"https:\/\/www.ifmarinvast.se\/orientering\/wp-json\/wp\/v2\/categories?post=675"},{"taxonomy":"post_tag","embeddable":true,"href":"https:\/\/www.ifmarinvast.se\/orientering\/wp-json\/wp\/v2\/tags?post=675"}],"curies":[{"name":"wp","href":"https:\/\/api.w.org\/{rel}","templated":true}]}}