{"id":6745,"date":"2023-02-26T17:55:25","date_gmt":"2023-02-26T16:55:25","guid":{"rendered":"http:\/\/www.ifmarinvast.se\/orientering\/?p=6745"},"modified":"2023-02-26T17:55:33","modified_gmt":"2023-02-26T16:55:33","slug":"inbjudan-veckans-bana-27-februari-5-mars","status":"publish","type":"post","link":"https:\/\/www.ifmarinvast.se\/orientering\/inbjudan-veckans-bana-27-februari-5-mars\/","title":{"rendered":"<strong>Inbjudan Veckans bana 27 februari\u20135 mars<\/strong>"},"content":{"rendered":"\n<p class=\"wp-block-paragraph\"><strong>Start<\/strong>: Ruddalen, v\u00e4stsidan av skogen, enligt karta.<\/p>\n\n\n\n<p class=\"wp-block-paragraph\"><strong>Kontrollmarkeringar<\/strong>: R\u00f6dvit-randiga snitslar m\u00e4rkta med kodsiffra,<br>inga snitslar vid start och m\u00e5l.<\/p>\n\n\n\n<p class=\"wp-block-paragraph\"><strong>Karta<\/strong>: Ruddalen 1:7500, Ekvidistans 5 m.<br><a href=\"https:\/\/eventor.orientering.se\/Events\/Show\/44262\">PDF laddas ner fr\u00e5n n\u00e4tet &gt;&gt;<\/a><br><strong>Banor<\/strong>: Gul, 2 km.<br>Orange, 3,2 km.<\/p>\n\n\n\n<p class=\"wp-block-paragraph\"><a href=\"https:\/\/www.livelox.com\/Events\/Show\/90997\">Banorna l\u00e4ggs upp p\u00e5 Livelox&gt;&gt;<\/a><\/p>\n\n\n\n<p class=\"wp-block-paragraph\">Kontrollerna tas in p\u00e5 kv\u00e4llen 2022-03-05.<\/p>\n\n\n\n<p class=\"wp-block-paragraph\">V\u00e4lkommen!<\/p>\n","protected":false},"excerpt":{"rendered":"<p>Start: Ruddalen, v\u00e4stsidan av skogen, enligt karta. Kontrollmarkeringar: R\u00f6dvit-randiga snitslar m\u00e4rkta med kodsiffra,inga snitslar vid start och m\u00e5l. Karta: Ruddalen 1:7500, Ekvidistans 5 m.PDF laddas ner fr\u00e5n n\u00e4tet &gt;&gt;Banor: Gul, [&hellip;]<\/p>\n","protected":false},"author":4,"featured_media":0,"comment_status":"open","ping_status":"closed","sticky":false,"template":"","format":"standard","meta":{"footnotes":""},"categories":[262],"tags":[],"class_list":["post-6745","post","type-post","status-publish","format-standard","hentry","category-nyheter"],"_links":{"self":[{"href":"https:\/\/www.ifmarinvast.se\/orientering\/wp-json\/wp\/v2\/posts\/6745","targetHints":{"allow":["GET"]}}],"collection":[{"href":"https:\/\/www.ifmarinvast.se\/orientering\/wp-json\/wp\/v2\/posts"}],"about":[{"href":"https:\/\/www.ifmarinvast.se\/orientering\/wp-json\/wp\/v2\/types\/post"}],"author":[{"embeddable":true,"href":"https:\/\/www.ifmarinvast.se\/orientering\/wp-json\/wp\/v2\/users\/4"}],"replies":[{"embeddable":true,"href":"https:\/\/www.ifmarinvast.se\/orientering\/wp-json\/wp\/v2\/comments?post=6745"}],"version-history":[{"count":1,"href":"https:\/\/www.ifmarinvast.se\/orientering\/wp-json\/wp\/v2\/posts\/6745\/revisions"}],"predecessor-version":[{"id":6746,"href":"https:\/\/www.ifmarinvast.se\/orientering\/wp-json\/wp\/v2\/posts\/6745\/revisions\/6746"}],"wp:attachment":[{"href":"https:\/\/www.ifmarinvast.se\/orientering\/wp-json\/wp\/v2\/media?parent=6745"}],"wp:term":[{"taxonomy":"category","embeddable":true,"href":"https:\/\/www.ifmarinvast.se\/orientering\/wp-json\/wp\/v2\/categories?post=6745"},{"taxonomy":"post_tag","embeddable":true,"href":"https:\/\/www.ifmarinvast.se\/orientering\/wp-json\/wp\/v2\/tags?post=6745"}],"curies":[{"name":"wp","href":"https:\/\/api.w.org\/{rel}","templated":true}]}}