{"id":6709,"date":"2023-01-30T18:09:00","date_gmt":"2023-01-30T17:09:00","guid":{"rendered":"http:\/\/www.ifmarinvast.se\/orientering\/?p=6709"},"modified":"2023-01-30T18:10:07","modified_gmt":"2023-01-30T17:10:07","slug":"inbjudan-veckans-bana-29-januari-5-februari","status":"publish","type":"post","link":"https:\/\/www.ifmarinvast.se\/orientering\/inbjudan-veckans-bana-29-januari-5-februari\/","title":{"rendered":"Inbjudan Veckans bana 29 januari\u20135 februari"},"content":{"rendered":"\n<p><strong>Start:<\/strong> Ruddalen, norra fotbollsplanerna, enligt karta.<br><strong>Kontrollmarkeringar:<\/strong> R\u00f6dvit-randiga snitslar, inga snitslar vid start&nbsp;och m\u00e5l.<br><strong>Karta<\/strong>: Ruddalen 1:7500, Ekvidistans 5 m.&nbsp;<br><strong>Banor<\/strong>: <a href=\"https:\/\/eventor.orientering.se\/Events\/Show\/44008\">Banorna laddas ner fr\u00e5n Eventor &gt;&gt;<\/a><br>L\u00e4ttare\u2013medelsv\u00e5ra.<br>1,2 km, 1,9 km och 2,6 km.<\/p>\n\n\n\n<p><strong>Livelox<\/strong>: <a href=\"https:\/\/www.livelox.com\/Events\/Show\/89758\/\">Banorna finns p\u00e5 Livelox&gt;&gt;<\/a><\/p>\n","protected":false},"excerpt":{"rendered":"<p>Start: Ruddalen, norra fotbollsplanerna, enligt karta.Kontrollmarkeringar: R\u00f6dvit-randiga snitslar, inga snitslar vid start&nbsp;och m\u00e5l.Karta: Ruddalen 1:7500, Ekvidistans 5 m.&nbsp;Banor: Banorna laddas ner fr\u00e5n Eventor &gt;&gt;L\u00e4ttare\u2013medelsv\u00e5ra.1,2 km, 1,9 km och 2,6 km. [&hellip;]<\/p>\n","protected":false},"author":4,"featured_media":0,"comment_status":"open","ping_status":"closed","sticky":false,"template":"","format":"standard","meta":{"footnotes":""},"categories":[262],"tags":[],"class_list":["post-6709","post","type-post","status-publish","format-standard","hentry","category-nyheter"],"_links":{"self":[{"href":"https:\/\/www.ifmarinvast.se\/orientering\/wp-json\/wp\/v2\/posts\/6709","targetHints":{"allow":["GET"]}}],"collection":[{"href":"https:\/\/www.ifmarinvast.se\/orientering\/wp-json\/wp\/v2\/posts"}],"about":[{"href":"https:\/\/www.ifmarinvast.se\/orientering\/wp-json\/wp\/v2\/types\/post"}],"author":[{"embeddable":true,"href":"https:\/\/www.ifmarinvast.se\/orientering\/wp-json\/wp\/v2\/users\/4"}],"replies":[{"embeddable":true,"href":"https:\/\/www.ifmarinvast.se\/orientering\/wp-json\/wp\/v2\/comments?post=6709"}],"version-history":[{"count":2,"href":"https:\/\/www.ifmarinvast.se\/orientering\/wp-json\/wp\/v2\/posts\/6709\/revisions"}],"predecessor-version":[{"id":6715,"href":"https:\/\/www.ifmarinvast.se\/orientering\/wp-json\/wp\/v2\/posts\/6709\/revisions\/6715"}],"wp:attachment":[{"href":"https:\/\/www.ifmarinvast.se\/orientering\/wp-json\/wp\/v2\/media?parent=6709"}],"wp:term":[{"taxonomy":"category","embeddable":true,"href":"https:\/\/www.ifmarinvast.se\/orientering\/wp-json\/wp\/v2\/categories?post=6709"},{"taxonomy":"post_tag","embeddable":true,"href":"https:\/\/www.ifmarinvast.se\/orientering\/wp-json\/wp\/v2\/tags?post=6709"}],"curies":[{"name":"wp","href":"https:\/\/api.w.org\/{rel}","templated":true}]}}