{"id":670,"date":"2003-12-09T00:00:00","date_gmt":"2003-12-08T23:00:00","guid":{"rendered":"http:\/\/ifmarinvast.se\/2016\/innetraning-amf4-hallen-sondag-14-december\/"},"modified":"2015-10-11T14:46:01","modified_gmt":"2015-10-11T12:46:01","slug":"innetraning-amf4-hallen-sondag-14-december","status":"publish","type":"post","link":"https:\/\/www.ifmarinvast.se\/orientering\/innetraning-amf4-hallen-sondag-14-december\/","title":{"rendered":"Innetr\u00e4ning, Amf4-hallen S\u00f6ndag 14 december"},"content":{"rendered":"<p>Vi kommer att f\u00f6rs\u00f6ka arrangera ett antal innetr\u00e4ningar nu under vintern. Information kommer att l\u00e4ggas ut p\u00e5 hemsidan s\u00e5 snart vi har tider, vilket troligen inneb\u00e4r att det sker med ganska kort framf\u00f6rh\u00e5llning. B\u00e5de <b>ungdomar och vuxna<\/b> \u00e4r v\u00e4lkomna.<br \/>S\u00e4songens f\u00f6rsta innetr\u00e4ning sker nu p\u00e5 s\u00f6ndag, 14\/12. Vi samlas <b>kl 13.30<\/b> vid vakten Amf4.<br \/>P\u00e5 programmet st\u00e5r <b>innebandy<\/b>. Alla som har klubbor och bollar tar med, s\u00e5 f\u00e5r vi samsas om dem.<br \/>Vi har tillg\u00e5ng till hallen kl 14-15.<br \/>\/Hans<\/p>\n","protected":false},"excerpt":{"rendered":"<p>Vi kommer att f\u00f6rs\u00f6ka arrangera ett antal innetr\u00e4ningar nu under vintern. Information kommer att l\u00e4ggas ut p\u00e5 hemsidan s\u00e5 snart vi har tider, vilket troligen inneb\u00e4r att det sker med [&hellip;]<\/p>\n","protected":false},"author":2,"featured_media":0,"comment_status":"open","ping_status":"open","sticky":false,"template":"","format":"standard","meta":{"footnotes":""},"categories":[262,1],"tags":[],"class_list":["post-670","post","type-post","status-publish","format-standard","hentry","category-nyheter","category-okategoriserade"],"_links":{"self":[{"href":"https:\/\/www.ifmarinvast.se\/orientering\/wp-json\/wp\/v2\/posts\/670","targetHints":{"allow":["GET"]}}],"collection":[{"href":"https:\/\/www.ifmarinvast.se\/orientering\/wp-json\/wp\/v2\/posts"}],"about":[{"href":"https:\/\/www.ifmarinvast.se\/orientering\/wp-json\/wp\/v2\/types\/post"}],"author":[{"embeddable":true,"href":"https:\/\/www.ifmarinvast.se\/orientering\/wp-json\/wp\/v2\/users\/2"}],"replies":[{"embeddable":true,"href":"https:\/\/www.ifmarinvast.se\/orientering\/wp-json\/wp\/v2\/comments?post=670"}],"version-history":[{"count":1,"href":"https:\/\/www.ifmarinvast.se\/orientering\/wp-json\/wp\/v2\/posts\/670\/revisions"}],"predecessor-version":[{"id":1703,"href":"https:\/\/www.ifmarinvast.se\/orientering\/wp-json\/wp\/v2\/posts\/670\/revisions\/1703"}],"wp:attachment":[{"href":"https:\/\/www.ifmarinvast.se\/orientering\/wp-json\/wp\/v2\/media?parent=670"}],"wp:term":[{"taxonomy":"category","embeddable":true,"href":"https:\/\/www.ifmarinvast.se\/orientering\/wp-json\/wp\/v2\/categories?post=670"},{"taxonomy":"post_tag","embeddable":true,"href":"https:\/\/www.ifmarinvast.se\/orientering\/wp-json\/wp\/v2\/tags?post=670"}],"curies":[{"name":"wp","href":"https:\/\/api.w.org\/{rel}","templated":true}]}}