{"id":6632,"date":"2022-08-31T17:48:29","date_gmt":"2022-08-31T15:48:29","guid":{"rendered":"http:\/\/www.ifmarinvast.se\/orientering\/?p=6632"},"modified":"2022-08-31T17:48:37","modified_gmt":"2022-08-31T15:48:37","slug":"veckans-bana-30-augusti-4-september","status":"publish","type":"post","link":"https:\/\/www.ifmarinvast.se\/orientering\/veckans-bana-30-augusti-4-september\/","title":{"rendered":"Veckans bana 30 augusti &#8211; 4 september"},"content":{"rendered":"\n<p class=\"wp-block-paragraph\">Nu finns veckans bana i Eventor och Livelox:<br><a rel=\"noreferrer noopener\" href=\"https:\/\/eventor.orientering.se\/Events\/Show\/42477\" target=\"_blank\">https:\/\/eventor.orientering.se\/Events\/Show\/42477<\/a><br><a rel=\"noreferrer noopener\" href=\"https:\/\/www.livelox.com\/Events\/Show\/83274\/\" target=\"_blank\">https:\/\/www.livelox.com\/Events\/Show\/83274\/<\/a><\/p>\n\n\n\n<p class=\"wp-block-paragraph\">Start och m\u00e5l vid fotbollsplanerna l\u00e4ngst norrut i Ruddalenomr\u00e5det.<\/p>\n\n\n\n<p class=\"wp-block-paragraph\">Kontroller \u00e4r markerade med stora sk\u00e4rmar med kontrollsiffror. Sk\u00e4rmarna h\u00e4nger kvar till s\u00f6ndag 4 september klockan 16.<\/p>\n","protected":false},"excerpt":{"rendered":"<p>Nu finns veckans bana i Eventor och Livelox:https:\/\/eventor.orientering.se\/Events\/Show\/42477https:\/\/www.livelox.com\/Events\/Show\/83274\/ Start och m\u00e5l vid fotbollsplanerna l\u00e4ngst norrut i Ruddalenomr\u00e5det. Kontroller \u00e4r markerade med stora sk\u00e4rmar med kontrollsiffror. Sk\u00e4rmarna h\u00e4nger kvar till s\u00f6ndag [&hellip;]<\/p>\n","protected":false},"author":4,"featured_media":0,"comment_status":"open","ping_status":"closed","sticky":false,"template":"","format":"standard","meta":{"footnotes":""},"categories":[262],"tags":[],"class_list":["post-6632","post","type-post","status-publish","format-standard","hentry","category-nyheter"],"_links":{"self":[{"href":"https:\/\/www.ifmarinvast.se\/orientering\/wp-json\/wp\/v2\/posts\/6632","targetHints":{"allow":["GET"]}}],"collection":[{"href":"https:\/\/www.ifmarinvast.se\/orientering\/wp-json\/wp\/v2\/posts"}],"about":[{"href":"https:\/\/www.ifmarinvast.se\/orientering\/wp-json\/wp\/v2\/types\/post"}],"author":[{"embeddable":true,"href":"https:\/\/www.ifmarinvast.se\/orientering\/wp-json\/wp\/v2\/users\/4"}],"replies":[{"embeddable":true,"href":"https:\/\/www.ifmarinvast.se\/orientering\/wp-json\/wp\/v2\/comments?post=6632"}],"version-history":[{"count":1,"href":"https:\/\/www.ifmarinvast.se\/orientering\/wp-json\/wp\/v2\/posts\/6632\/revisions"}],"predecessor-version":[{"id":6633,"href":"https:\/\/www.ifmarinvast.se\/orientering\/wp-json\/wp\/v2\/posts\/6632\/revisions\/6633"}],"wp:attachment":[{"href":"https:\/\/www.ifmarinvast.se\/orientering\/wp-json\/wp\/v2\/media?parent=6632"}],"wp:term":[{"taxonomy":"category","embeddable":true,"href":"https:\/\/www.ifmarinvast.se\/orientering\/wp-json\/wp\/v2\/categories?post=6632"},{"taxonomy":"post_tag","embeddable":true,"href":"https:\/\/www.ifmarinvast.se\/orientering\/wp-json\/wp\/v2\/tags?post=6632"}],"curies":[{"name":"wp","href":"https:\/\/api.w.org\/{rel}","templated":true}]}}