{"id":64,"date":"2013-07-20T08:17:20","date_gmt":"2013-07-20T06:17:20","guid":{"rendered":"https:\/\/ifmvorientering.wordpress.com\/?p=64"},"modified":"2015-10-11T14:12:28","modified_gmt":"2015-10-11T12:12:28","slug":"vad-ska-vi-hitta-pa-idag","status":"publish","type":"post","link":"https:\/\/www.ifmarinvast.se\/orientering\/vad-ska-vi-hitta-pa-idag\/","title":{"rendered":"Vad ska vi hitta p\u00e5 idag?"},"content":{"rendered":"<p>G\u00e5rdagskv\u00e4llen avslutades med en busstur till Bodens hemliga platser och den Norra Fronten, d\u00e4r vi s\u00e5g bland annat en fj\u00e4rdedel av Bodens f\u00e4stning med fort, f\u00e4sten, korvar, radiobunker och ballonghangar. Efter att nu ha sett en liten liten del av de 1200 objekt och 25 km som utg\u00f6r f\u00e4stningen har vi funderat en del p\u00e5 hur Byr\u00e5direkt\u00f6r H.K. Bergdahls t\u00e4ndstickstavla s\u00e5g ut!<\/p>\n<p>Den f\u00f6rsta etappen av O-ringen kommer att g\u00e5 vid R\u00f6dberget, det sista artillerifortet som togs ur bruk, uppm\u00e4rksammat med str\u00e5lkastarsalut p\u00e5 ny\u00e5r 1997. Det h\u00e4r \u00e4r en bild p\u00e5 ena str\u00e5lkastarbanan p\u00e5 Degerbergsfortet d\u00e4r vi var ig\u00e5r. P\u00e5 detta fort fanns \u00e4ven Sveriges guldreserv en tid &#8211; ett tema vi k\u00e4nner igen fr\u00e5n O-ringsbes\u00f6ket i Karlsborg. P\u00e5 Degerbergsfortet fanns inte s\u00e5 mycket mygg som p\u00e5 alla andra st\u00e4llen heller.<\/p>\n<p><a href=\"http:\/\/ifmvorientering.files.wordpress.com\/2013\/07\/20130720-081230.jpg\"><img decoding=\"async\" src=\"http:\/\/ifmvorientering.files.wordpress.com\/2013\/07\/20130720-081230.jpg\" alt=\"20130720-081230.jpg\" class=\"alignnone size-full\" \/><\/a><\/p>\n<p>Idag ska det bli lite regn i Boden och Pite\u00e5, innan veckans vackra v\u00e4der tar fart! Vi f\u00e5r planera v\u00e5r uppladdningsdag lite b\u00e4ttre efter frukosten p\u00e5 Tre renar.<\/p>\n<p><a href=\"http:\/\/ifmvorientering.files.wordpress.com\/2013\/07\/20130720-081658.jpg\"><img decoding=\"async\" src=\"http:\/\/ifmvorientering.files.wordpress.com\/2013\/07\/20130720-081658.jpg\" alt=\"20130720-081658.jpg\" class=\"alignnone size-full\" \/><\/a><\/p>\n","protected":false},"excerpt":{"rendered":"<p>G\u00e5rdagskv\u00e4llen avslutades med en busstur till Bodens hemliga platser och den Norra Fronten, d\u00e4r vi s\u00e5g bland annat en fj\u00e4rdedel av Bodens f\u00e4stning med fort, f\u00e4sten, korvar, radiobunker och ballonghangar. [&hellip;]<\/p>\n","protected":false},"author":2,"featured_media":0,"comment_status":"open","ping_status":"open","sticky":false,"template":"","format":"standard","meta":{"footnotes":""},"categories":[263],"tags":[268],"class_list":["post-64","post","type-post","status-publish","format-standard","hentry","category-bloggen","tag-o-ringen-boden-2013"],"_links":{"self":[{"href":"https:\/\/www.ifmarinvast.se\/orientering\/wp-json\/wp\/v2\/posts\/64","targetHints":{"allow":["GET"]}}],"collection":[{"href":"https:\/\/www.ifmarinvast.se\/orientering\/wp-json\/wp\/v2\/posts"}],"about":[{"href":"https:\/\/www.ifmarinvast.se\/orientering\/wp-json\/wp\/v2\/types\/post"}],"author":[{"embeddable":true,"href":"https:\/\/www.ifmarinvast.se\/orientering\/wp-json\/wp\/v2\/users\/2"}],"replies":[{"embeddable":true,"href":"https:\/\/www.ifmarinvast.se\/orientering\/wp-json\/wp\/v2\/comments?post=64"}],"version-history":[{"count":1,"href":"https:\/\/www.ifmarinvast.se\/orientering\/wp-json\/wp\/v2\/posts\/64\/revisions"}],"predecessor-version":[{"id":2790,"href":"https:\/\/www.ifmarinvast.se\/orientering\/wp-json\/wp\/v2\/posts\/64\/revisions\/2790"}],"wp:attachment":[{"href":"https:\/\/www.ifmarinvast.se\/orientering\/wp-json\/wp\/v2\/media?parent=64"}],"wp:term":[{"taxonomy":"category","embeddable":true,"href":"https:\/\/www.ifmarinvast.se\/orientering\/wp-json\/wp\/v2\/categories?post=64"},{"taxonomy":"post_tag","embeddable":true,"href":"https:\/\/www.ifmarinvast.se\/orientering\/wp-json\/wp\/v2\/tags?post=64"}],"curies":[{"name":"wp","href":"https:\/\/api.w.org\/{rel}","templated":true}]}}