{"id":623,"date":"2003-11-01T00:00:00","date_gmt":"2003-10-31T23:00:00","guid":{"rendered":"http:\/\/ifmarinvast.se\/2016\/523\/"},"modified":"2015-10-11T14:46:15","modified_gmt":"2015-10-11T12:46:15","slug":"523","status":"publish","type":"post","link":"https:\/\/www.ifmarinvast.se\/orientering\/523\/","title":{"rendered":"Bilder fr\u00e5n Sm\u00e5landskavlen f\u00f6rra helgen i Eksj&#8230;"},"content":{"rendered":"<p><img src='http:\/\/www.longitud.net\/ifmv\/album\/album\/2003-11-01_maxanders\/anders.jpg' height='86' width='100' align='left'> Bilder fr\u00e5n Sm\u00e5landskavlen f\u00f6rra helgen i Eksj\u00f6 finns nu i <a href='http:\/\/www.longitud.net\/ifmv\/album\/'>fotoalbumet<\/a>. F\u00f6lj t\u00e4vlingarna och livet p\u00e5 logementet.<\/p>\n","protected":false},"excerpt":{"rendered":"<p>Bilder fr\u00e5n Sm\u00e5landskavlen f\u00f6rra helgen i Eksj\u00f6 finns nu i fotoalbumet. F\u00f6lj t\u00e4vlingarna och livet p\u00e5 logementet.<\/p>\n","protected":false},"author":2,"featured_media":0,"comment_status":"open","ping_status":"open","sticky":false,"template":"","format":"standard","meta":{"footnotes":""},"categories":[262,1],"tags":[],"class_list":["post-623","post","type-post","status-publish","format-standard","hentry","category-nyheter","category-okategoriserade"],"_links":{"self":[{"href":"https:\/\/www.ifmarinvast.se\/orientering\/wp-json\/wp\/v2\/posts\/623","targetHints":{"allow":["GET"]}}],"collection":[{"href":"https:\/\/www.ifmarinvast.se\/orientering\/wp-json\/wp\/v2\/posts"}],"about":[{"href":"https:\/\/www.ifmarinvast.se\/orientering\/wp-json\/wp\/v2\/types\/post"}],"author":[{"embeddable":true,"href":"https:\/\/www.ifmarinvast.se\/orientering\/wp-json\/wp\/v2\/users\/2"}],"replies":[{"embeddable":true,"href":"https:\/\/www.ifmarinvast.se\/orientering\/wp-json\/wp\/v2\/comments?post=623"}],"version-history":[{"count":1,"href":"https:\/\/www.ifmarinvast.se\/orientering\/wp-json\/wp\/v2\/posts\/623\/revisions"}],"predecessor-version":[{"id":1689,"href":"https:\/\/www.ifmarinvast.se\/orientering\/wp-json\/wp\/v2\/posts\/623\/revisions\/1689"}],"wp:attachment":[{"href":"https:\/\/www.ifmarinvast.se\/orientering\/wp-json\/wp\/v2\/media?parent=623"}],"wp:term":[{"taxonomy":"category","embeddable":true,"href":"https:\/\/www.ifmarinvast.se\/orientering\/wp-json\/wp\/v2\/categories?post=623"},{"taxonomy":"post_tag","embeddable":true,"href":"https:\/\/www.ifmarinvast.se\/orientering\/wp-json\/wp\/v2\/tags?post=623"}],"curies":[{"name":"wp","href":"https:\/\/api.w.org\/{rel}","templated":true}]}}