{"id":619,"date":"2014-07-25T18:57:35","date_gmt":"2014-07-25T16:57:35","guid":{"rendered":"http:\/\/ifmvorientering.wordpress.com\/?p=619"},"modified":"2015-10-11T14:13:39","modified_gmt":"2015-10-11T12:13:39","slug":"grattis-jakob","status":"publish","type":"post","link":"https:\/\/www.ifmarinvast.se\/orientering\/grattis-jakob\/","title":{"rendered":"Grattis Jakob!"},"content":{"rendered":"<p>Idag \u00e4r det inte bara fredag och sista etappen p\u00e5 O-ringen 2014, utan \u00e4ven Jakob-dagen. Vi vill f\u00f6rst\u00e5s gratulera v\u00e5r egen Jakob som med bravur genomf\u00f6rt sin f\u00f6rsta O-ring i H18-klassen. H\u00e4rligt jobbat och grattis p\u00e5 namnsdagen, Jakob!<\/p>\n<p>H\u00e4r kommer tv\u00e5 bilder p\u00e5 Jakob fr\u00e5n upploppet av dagens avslutande etapp.<\/p>\n<p><a href=\"https:\/\/ifmvorientering.files.wordpress.com\/2014\/07\/20140725-185655-68215479.jpg\"><img decoding=\"async\" src=\"https:\/\/ifmvorientering.files.wordpress.com\/2014\/07\/20140725-185655-68215479.jpg\" alt=\"20140725-185655-68215479.jpg\" class=\"alignnone size-full\" \/><\/a><\/p>\n<p><a href=\"https:\/\/ifmvorientering.files.wordpress.com\/2014\/07\/20140725-185655-68215111.jpg\"><img decoding=\"async\" src=\"https:\/\/ifmvorientering.files.wordpress.com\/2014\/07\/20140725-185655-68215111.jpg\" alt=\"20140725-185655-68215111.jpg\" class=\"alignnone size-full\" \/><\/a><\/p>\n","protected":false},"excerpt":{"rendered":"<p>Idag \u00e4r det inte bara fredag och sista etappen p\u00e5 O-ringen 2014, utan \u00e4ven Jakob-dagen. Vi vill f\u00f6rst\u00e5s gratulera v\u00e5r egen Jakob som med bravur genomf\u00f6rt sin f\u00f6rsta O-ring i [&hellip;]<\/p>\n","protected":false},"author":2,"featured_media":0,"comment_status":"open","ping_status":"open","sticky":false,"template":"","format":"standard","meta":{"footnotes":""},"categories":[263],"tags":[66,110,153,270],"class_list":["post-619","post","type-post","status-publish","format-standard","hentry","category-bloggen","tag-e5","tag-jakob","tag-namnsdag","tag-o-ringen-skane-2014"],"_links":{"self":[{"href":"https:\/\/www.ifmarinvast.se\/orientering\/wp-json\/wp\/v2\/posts\/619","targetHints":{"allow":["GET"]}}],"collection":[{"href":"https:\/\/www.ifmarinvast.se\/orientering\/wp-json\/wp\/v2\/posts"}],"about":[{"href":"https:\/\/www.ifmarinvast.se\/orientering\/wp-json\/wp\/v2\/types\/post"}],"author":[{"embeddable":true,"href":"https:\/\/www.ifmarinvast.se\/orientering\/wp-json\/wp\/v2\/users\/2"}],"replies":[{"embeddable":true,"href":"https:\/\/www.ifmarinvast.se\/orientering\/wp-json\/wp\/v2\/comments?post=619"}],"version-history":[{"count":1,"href":"https:\/\/www.ifmarinvast.se\/orientering\/wp-json\/wp\/v2\/posts\/619\/revisions"}],"predecessor-version":[{"id":2995,"href":"https:\/\/www.ifmarinvast.se\/orientering\/wp-json\/wp\/v2\/posts\/619\/revisions\/2995"}],"wp:attachment":[{"href":"https:\/\/www.ifmarinvast.se\/orientering\/wp-json\/wp\/v2\/media?parent=619"}],"wp:term":[{"taxonomy":"category","embeddable":true,"href":"https:\/\/www.ifmarinvast.se\/orientering\/wp-json\/wp\/v2\/categories?post=619"},{"taxonomy":"post_tag","embeddable":true,"href":"https:\/\/www.ifmarinvast.se\/orientering\/wp-json\/wp\/v2\/tags?post=619"}],"curies":[{"name":"wp","href":"https:\/\/api.w.org\/{rel}","templated":true}]}}