{"id":612,"date":"2003-10-26T00:00:00","date_gmt":"2003-10-25T22:00:00","guid":{"rendered":"http:\/\/ifmarinvast.se\/2016\/512\/"},"modified":"2015-10-11T14:46:15","modified_gmt":"2015-10-11T12:46:15","slug":"512","status":"publish","type":"post","link":"https:\/\/www.ifmarinvast.se\/orientering\/512\/","title":{"rendered":"L\u00f6rdagen den 8 november har Forts\u00e4ttningsgruppen&#8230;"},"content":{"rendered":"<p>L\u00f6rdagen den 8 november har Forts\u00e4ttningsgruppen en rolig specialtr\u00e4ning p\u00e5 Amf 4. Samling vid vakten kl 12:00. Se \u00e4ven v\u00e5rt <a href='fo'>schema<\/a>.<\/p>\n","protected":false},"excerpt":{"rendered":"<p>L\u00f6rdagen den 8 november har Forts\u00e4ttningsgruppen en rolig specialtr\u00e4ning p\u00e5 Amf 4. Samling vid vakten kl 12:00. Se \u00e4ven v\u00e5rt schema.<\/p>\n","protected":false},"author":2,"featured_media":0,"comment_status":"open","ping_status":"open","sticky":false,"template":"","format":"standard","meta":{"footnotes":""},"categories":[262,1],"tags":[],"class_list":["post-612","post","type-post","status-publish","format-standard","hentry","category-nyheter","category-okategoriserade"],"_links":{"self":[{"href":"https:\/\/www.ifmarinvast.se\/orientering\/wp-json\/wp\/v2\/posts\/612","targetHints":{"allow":["GET"]}}],"collection":[{"href":"https:\/\/www.ifmarinvast.se\/orientering\/wp-json\/wp\/v2\/posts"}],"about":[{"href":"https:\/\/www.ifmarinvast.se\/orientering\/wp-json\/wp\/v2\/types\/post"}],"author":[{"embeddable":true,"href":"https:\/\/www.ifmarinvast.se\/orientering\/wp-json\/wp\/v2\/users\/2"}],"replies":[{"embeddable":true,"href":"https:\/\/www.ifmarinvast.se\/orientering\/wp-json\/wp\/v2\/comments?post=612"}],"version-history":[{"count":1,"href":"https:\/\/www.ifmarinvast.se\/orientering\/wp-json\/wp\/v2\/posts\/612\/revisions"}],"predecessor-version":[{"id":1687,"href":"https:\/\/www.ifmarinvast.se\/orientering\/wp-json\/wp\/v2\/posts\/612\/revisions\/1687"}],"wp:attachment":[{"href":"https:\/\/www.ifmarinvast.se\/orientering\/wp-json\/wp\/v2\/media?parent=612"}],"wp:term":[{"taxonomy":"category","embeddable":true,"href":"https:\/\/www.ifmarinvast.se\/orientering\/wp-json\/wp\/v2\/categories?post=612"},{"taxonomy":"post_tag","embeddable":true,"href":"https:\/\/www.ifmarinvast.se\/orientering\/wp-json\/wp\/v2\/tags?post=612"}],"curies":[{"name":"wp","href":"https:\/\/api.w.org\/{rel}","templated":true}]}}