{"id":611,"date":"2003-10-26T00:00:00","date_gmt":"2003-10-25T22:00:00","guid":{"rendered":"http:\/\/ifmarinvast.se\/2016\/511\/"},"modified":"2015-10-11T14:46:15","modified_gmt":"2015-10-11T12:46:15","slug":"511","status":"publish","type":"post","link":"https:\/\/www.ifmarinvast.se\/orientering\/511\/","title":{"rendered":"Nu finns en rapport fr\u00e5n andra dagen av Sm\u00e5lands&#8230;"},"content":{"rendered":"<p>Nu finns en rapport fr\u00e5n andra dagen av Sm\u00e5landskavlen <a href='http:\/\/www.longitud.net\/ifmv\/album\/album\/2003-10-25_web\/del2.htm'>h\u00e4r<\/a><\/p>\n","protected":false},"excerpt":{"rendered":"<p>Nu finns en rapport fr\u00e5n andra dagen av Sm\u00e5landskavlen h\u00e4r<\/p>\n","protected":false},"author":2,"featured_media":0,"comment_status":"open","ping_status":"open","sticky":false,"template":"","format":"standard","meta":{"footnotes":""},"categories":[262,1],"tags":[],"class_list":["post-611","post","type-post","status-publish","format-standard","hentry","category-nyheter","category-okategoriserade"],"_links":{"self":[{"href":"https:\/\/www.ifmarinvast.se\/orientering\/wp-json\/wp\/v2\/posts\/611","targetHints":{"allow":["GET"]}}],"collection":[{"href":"https:\/\/www.ifmarinvast.se\/orientering\/wp-json\/wp\/v2\/posts"}],"about":[{"href":"https:\/\/www.ifmarinvast.se\/orientering\/wp-json\/wp\/v2\/types\/post"}],"author":[{"embeddable":true,"href":"https:\/\/www.ifmarinvast.se\/orientering\/wp-json\/wp\/v2\/users\/2"}],"replies":[{"embeddable":true,"href":"https:\/\/www.ifmarinvast.se\/orientering\/wp-json\/wp\/v2\/comments?post=611"}],"version-history":[{"count":1,"href":"https:\/\/www.ifmarinvast.se\/orientering\/wp-json\/wp\/v2\/posts\/611\/revisions"}],"predecessor-version":[{"id":1686,"href":"https:\/\/www.ifmarinvast.se\/orientering\/wp-json\/wp\/v2\/posts\/611\/revisions\/1686"}],"wp:attachment":[{"href":"https:\/\/www.ifmarinvast.se\/orientering\/wp-json\/wp\/v2\/media?parent=611"}],"wp:term":[{"taxonomy":"category","embeddable":true,"href":"https:\/\/www.ifmarinvast.se\/orientering\/wp-json\/wp\/v2\/categories?post=611"},{"taxonomy":"post_tag","embeddable":true,"href":"https:\/\/www.ifmarinvast.se\/orientering\/wp-json\/wp\/v2\/tags?post=611"}],"curies":[{"name":"wp","href":"https:\/\/api.w.org\/{rel}","templated":true}]}}