{"id":608,"date":"2003-10-22T00:00:00","date_gmt":"2003-10-21T22:00:00","guid":{"rendered":"http:\/\/ifmarinvast.se\/2016\/smalandskavlen\/"},"modified":"2015-10-11T14:46:15","modified_gmt":"2015-10-11T12:46:15","slug":"smalandskavlen","status":"publish","type":"post","link":"https:\/\/www.ifmarinvast.se\/orientering\/smalandskavlen\/","title":{"rendered":"Sm\u00e5landskavlen"},"content":{"rendered":"<p>Nu i helgen 25-26\/10 avg\u00f6rs Sm\u00e5landskavlen i Eksj\u00f6. IF Marin V\u00e4st st\u00e4ller upp med f\u00f6ljande 4 lag.<br \/><b> D-16<\/b>Ylva, Emma, Hanna, Anna.<br \/>I <b>\u00f6ppen klass<\/b> \u00e4r  f\u00f6ljande lag anm\u00e4lda.<br \/>Lag 1: Hans, Anders W, Staffan.<br \/>Lag 2: Anders J, Max, Bj\u00f6rn<br \/>Lag 3: Erik, Anders A, Klas.<br \/>Detaljerad info skickad p\u00e5 e-mail till ber\u00f6rda .<\/p>\n","protected":false},"excerpt":{"rendered":"<p>Nu i helgen 25-26\/10 avg\u00f6rs Sm\u00e5landskavlen i Eksj\u00f6. IF Marin V\u00e4st st\u00e4ller upp med f\u00f6ljande 4 lag. D-16Ylva, Emma, Hanna, Anna.I \u00f6ppen klass \u00e4r f\u00f6ljande lag anm\u00e4lda.Lag 1: Hans, Anders [&hellip;]<\/p>\n","protected":false},"author":2,"featured_media":0,"comment_status":"open","ping_status":"open","sticky":false,"template":"","format":"standard","meta":{"footnotes":""},"categories":[262,1],"tags":[],"class_list":["post-608","post","type-post","status-publish","format-standard","hentry","category-nyheter","category-okategoriserade"],"_links":{"self":[{"href":"https:\/\/www.ifmarinvast.se\/orientering\/wp-json\/wp\/v2\/posts\/608","targetHints":{"allow":["GET"]}}],"collection":[{"href":"https:\/\/www.ifmarinvast.se\/orientering\/wp-json\/wp\/v2\/posts"}],"about":[{"href":"https:\/\/www.ifmarinvast.se\/orientering\/wp-json\/wp\/v2\/types\/post"}],"author":[{"embeddable":true,"href":"https:\/\/www.ifmarinvast.se\/orientering\/wp-json\/wp\/v2\/users\/2"}],"replies":[{"embeddable":true,"href":"https:\/\/www.ifmarinvast.se\/orientering\/wp-json\/wp\/v2\/comments?post=608"}],"version-history":[{"count":1,"href":"https:\/\/www.ifmarinvast.se\/orientering\/wp-json\/wp\/v2\/posts\/608\/revisions"}],"predecessor-version":[{"id":1684,"href":"https:\/\/www.ifmarinvast.se\/orientering\/wp-json\/wp\/v2\/posts\/608\/revisions\/1684"}],"wp:attachment":[{"href":"https:\/\/www.ifmarinvast.se\/orientering\/wp-json\/wp\/v2\/media?parent=608"}],"wp:term":[{"taxonomy":"category","embeddable":true,"href":"https:\/\/www.ifmarinvast.se\/orientering\/wp-json\/wp\/v2\/categories?post=608"},{"taxonomy":"post_tag","embeddable":true,"href":"https:\/\/www.ifmarinvast.se\/orientering\/wp-json\/wp\/v2\/tags?post=608"}],"curies":[{"name":"wp","href":"https:\/\/api.w.org\/{rel}","templated":true}]}}