{"id":603,"date":"2003-10-09T00:00:00","date_gmt":"2003-10-08T22:00:00","guid":{"rendered":"http:\/\/ifmarinvast.se\/2016\/arets-nast-sista-uppfoljningstraning\/"},"modified":"2015-10-11T14:46:16","modified_gmt":"2015-10-11T12:46:16","slug":"arets-nast-sista-uppfoljningstraning","status":"publish","type":"post","link":"https:\/\/www.ifmarinvast.se\/orientering\/arets-nast-sista-uppfoljningstraning\/","title":{"rendered":"\u00c5rets n\u00e4st sista uppf\u00f6ljningstr\u00e4ning!!"},"content":{"rendered":"<p>Onsdagen den 5 nov kl 18.00 har <a href='http:\/\/www.orienteringgoteborg.com\/ungdom\/uppfoljning\/index.html'>GOFs uppf\u00f6ljningsgrupper<\/a> \u00e5rets n\u00e4st sista tr\u00e4ff. Alla IFMV:are i klasserna HD14 o 16 \u00e4r v\u00e4lkomna!<\/p>\n<p>Tr\u00e4ningen arrangeras av Porth\u00e4llas OL-gymnasies elever, och kommer att h\u00e5llas p\u00e5 Porth\u00e4llagymnasiet i Partille. De meddelar att &#8217;Pannlampa underl\u00e4ttar&#8217;&#8230; \ud83d\ude09 Efter tr\u00e4ningen kommer det att vara fika och visning\/information om <a href='http:\/\/www.orienteringgoteborg.com\/pol\/index.htm'>OL-gymnasiet<\/a>, f\u00f6r dem som \u00e4r intresserade av att s\u00f6ka dit (se notis nedan).<\/p>\n<p>De som vill vara med p\u00e5 tr\u00e4ningen anm\u00e4ler sig till <a href='mailto:ledare@ifmv.nu'>IFMV-ledarna<\/a> senast l\u00f6rdagen 1 nov.<\/p>\n","protected":false},"excerpt":{"rendered":"<p>Onsdagen den 5 nov kl 18.00 har GOFs uppf\u00f6ljningsgrupper \u00e5rets n\u00e4st sista tr\u00e4ff. Alla IFMV:are i klasserna HD14 o 16 \u00e4r v\u00e4lkomna! Tr\u00e4ningen arrangeras av Porth\u00e4llas OL-gymnasies elever, och kommer [&hellip;]<\/p>\n","protected":false},"author":2,"featured_media":0,"comment_status":"open","ping_status":"open","sticky":false,"template":"","format":"standard","meta":{"footnotes":""},"categories":[262,1],"tags":[],"class_list":["post-603","post","type-post","status-publish","format-standard","hentry","category-nyheter","category-okategoriserade"],"_links":{"self":[{"href":"https:\/\/www.ifmarinvast.se\/orientering\/wp-json\/wp\/v2\/posts\/603","targetHints":{"allow":["GET"]}}],"collection":[{"href":"https:\/\/www.ifmarinvast.se\/orientering\/wp-json\/wp\/v2\/posts"}],"about":[{"href":"https:\/\/www.ifmarinvast.se\/orientering\/wp-json\/wp\/v2\/types\/post"}],"author":[{"embeddable":true,"href":"https:\/\/www.ifmarinvast.se\/orientering\/wp-json\/wp\/v2\/users\/2"}],"replies":[{"embeddable":true,"href":"https:\/\/www.ifmarinvast.se\/orientering\/wp-json\/wp\/v2\/comments?post=603"}],"version-history":[{"count":1,"href":"https:\/\/www.ifmarinvast.se\/orientering\/wp-json\/wp\/v2\/posts\/603\/revisions"}],"predecessor-version":[{"id":3154,"href":"https:\/\/www.ifmarinvast.se\/orientering\/wp-json\/wp\/v2\/posts\/603\/revisions\/3154"}],"wp:attachment":[{"href":"https:\/\/www.ifmarinvast.se\/orientering\/wp-json\/wp\/v2\/media?parent=603"}],"wp:term":[{"taxonomy":"category","embeddable":true,"href":"https:\/\/www.ifmarinvast.se\/orientering\/wp-json\/wp\/v2\/categories?post=603"},{"taxonomy":"post_tag","embeddable":true,"href":"https:\/\/www.ifmarinvast.se\/orientering\/wp-json\/wp\/v2\/tags?post=603"}],"curies":[{"name":"wp","href":"https:\/\/api.w.org\/{rel}","templated":true}]}}