{"id":602,"date":"2014-07-25T08:39:18","date_gmt":"2014-07-25T06:39:18","guid":{"rendered":"http:\/\/ifmvorientering.wordpress.com\/?p=602"},"modified":"2015-10-11T14:13:40","modified_gmt":"2015-10-11T12:13:40","slug":"pa-vag-mot-sista-etappen","status":"publish","type":"post","link":"https:\/\/www.ifmarinvast.se\/orientering\/pa-vag-mot-sista-etappen\/","title":{"rendered":"P\u00e5 v\u00e4g mot sista etappen"},"content":{"rendered":"<p>Idag visar Sk\u00e5ne sig fr\u00e5n sin sk\u00e5nskaste sida, och vi reser s\u00f6derut f\u00f6r att springa i den vackra bygden vid Hav\u00e4ng och Br\u00f6sarps backar.<\/p>\n<p><a href=\"https:\/\/ifmvorientering.files.wordpress.com\/2014\/07\/wpid-dsc_0131.jpg\"><img decoding=\"async\" title=\"DSC_0131.JPG\" class=\"alignnone size-full\" alt=\"image\" src=\"https:\/\/ifmvorientering.files.wordpress.com\/2014\/07\/wpid-dsc_0131.jpg\" \/><\/a><\/p>\n<p>Terr\u00e4ngbeskrivningen \u00e4r n\u00e5got oklar idag, men vi f\u00f6rv\u00e4ntar oss stridsvagnssp\u00e5r, skjutm\u00e5lsgropar och risk f\u00f6r kvarliggande ammunition, s\u00e5 det \u00e4r ungef\u00e4r som vanligt. Den enda os\u00e4kerheten \u00e4r vad &#8221;grop&#8221; egentligen betyder p\u00e5 sk\u00e5nska &#8211; vi har ju haft m\u00e4rkliga erfarenheter av gropah\u00e5l och kastagropar tidigare. Dessutom varnar arrang\u00f6ren f\u00f6r att redovisningen \u00e4r sv\u00e5rbed\u00f6md, s\u00e5 det blir sp\u00e4nnande att se vad det inneb\u00e4r.<\/p>\n<p><a href=\"https:\/\/ifmvorientering.files.wordpress.com\/2014\/07\/wpid-dsc_0135.jpg\"><img decoding=\"async\" title=\"DSC_0135.JPG\" class=\"alignnone size-full\" alt=\"image\" src=\"https:\/\/ifmvorientering.files.wordpress.com\/2014\/07\/wpid-dsc_0135.jpg\" \/><\/a><br \/>\nKontinental kupering i Br\u00f6sarps backar<\/p>\n<p><a href=\"https:\/\/ifmvorientering.files.wordpress.com\/2014\/07\/wpid-dsc_0132.jpg\"><img decoding=\"async\" title=\"DSC_0132.JPG\" class=\"alignnone size-full\" alt=\"image\" src=\"https:\/\/ifmvorientering.files.wordpress.com\/2014\/07\/wpid-dsc_0132.jpg\" \/><\/a><\/p>\n<p>Fullt med glada orienterare p\u00e5 v\u00e4garna!<\/p>\n<p>V\u00e5ra fasta starttider \u00e4r r\u00e4tt utspridda idag:<br \/>\nHannes 0923<br \/>\nLinda 1008<br \/>\nKarin 1113<br \/>\nKlas 1222<br \/>\nAnders 1228<br \/>\nStaffan 1230<br \/>\nG\u00f6sta 1302<br \/>\nJakob 1304<\/p>\n<p>F\u00f6lj oss g\u00e4rna p\u00e5 O-ringen online under dagen!<\/p>\n","protected":false},"excerpt":{"rendered":"<p>Idag visar Sk\u00e5ne sig fr\u00e5n sin sk\u00e5nskaste sida, och vi reser s\u00f6derut f\u00f6r att springa i den vackra bygden vid Hav\u00e4ng och Br\u00f6sarps backar. Terr\u00e4ngbeskrivningen \u00e4r n\u00e5got oklar idag, men [&hellip;]<\/p>\n","protected":false},"author":2,"featured_media":0,"comment_status":"open","ping_status":"open","sticky":false,"template":"","format":"standard","meta":{"footnotes":""},"categories":[263],"tags":[270],"class_list":["post-602","post","type-post","status-publish","format-standard","hentry","category-bloggen","tag-o-ringen-skane-2014"],"_links":{"self":[{"href":"https:\/\/www.ifmarinvast.se\/orientering\/wp-json\/wp\/v2\/posts\/602","targetHints":{"allow":["GET"]}}],"collection":[{"href":"https:\/\/www.ifmarinvast.se\/orientering\/wp-json\/wp\/v2\/posts"}],"about":[{"href":"https:\/\/www.ifmarinvast.se\/orientering\/wp-json\/wp\/v2\/types\/post"}],"author":[{"embeddable":true,"href":"https:\/\/www.ifmarinvast.se\/orientering\/wp-json\/wp\/v2\/users\/2"}],"replies":[{"embeddable":true,"href":"https:\/\/www.ifmarinvast.se\/orientering\/wp-json\/wp\/v2\/comments?post=602"}],"version-history":[{"count":1,"href":"https:\/\/www.ifmarinvast.se\/orientering\/wp-json\/wp\/v2\/posts\/602\/revisions"}],"predecessor-version":[{"id":2999,"href":"https:\/\/www.ifmarinvast.se\/orientering\/wp-json\/wp\/v2\/posts\/602\/revisions\/2999"}],"wp:attachment":[{"href":"https:\/\/www.ifmarinvast.se\/orientering\/wp-json\/wp\/v2\/media?parent=602"}],"wp:term":[{"taxonomy":"category","embeddable":true,"href":"https:\/\/www.ifmarinvast.se\/orientering\/wp-json\/wp\/v2\/categories?post=602"},{"taxonomy":"post_tag","embeddable":true,"href":"https:\/\/www.ifmarinvast.se\/orientering\/wp-json\/wp\/v2\/tags?post=602"}],"curies":[{"name":"wp","href":"https:\/\/api.w.org\/{rel}","templated":true}]}}