{"id":596,"date":"2003-10-02T00:00:00","date_gmt":"2003-10-01T22:00:00","guid":{"rendered":"http:\/\/ifmarinvast.se\/2016\/intresseanmalan-ifk-kavlen\/"},"modified":"2015-10-11T14:46:16","modified_gmt":"2015-10-11T12:46:16","slug":"intresseanmalan-ifk-kavlen","status":"publish","type":"post","link":"https:\/\/www.ifmarinvast.se\/orientering\/intresseanmalan-ifk-kavlen\/","title":{"rendered":"Intresseanm\u00e4lan IFK-kavlen"},"content":{"rendered":"<p>D\u00e5 var det dags att anm\u00e4la sitt intresse f\u00f6r att vara med p\u00e5 IFK-kavlen som \u00e4ger rum l\u00f6rdagen den <b>18 oktober<\/b> i Skat\u00e5sterr\u00e4ngen. De klasser d\u00e4r vi borde kunna f\u00e5 ihop lag \u00e4r H14, D14, D12 resp \u00f6ppen klass. I \u00f6ppna klassen \u00e4r str\u00e4ckorna 3,5 km samt 6 km.<br \/>H\u00f6r av er till mig senast l\u00f6rdag 4\/10 om ni \u00e4r intresserade. hans@ifmv.nu.<\/p>\n","protected":false},"excerpt":{"rendered":"<p>D\u00e5 var det dags att anm\u00e4la sitt intresse f\u00f6r att vara med p\u00e5 IFK-kavlen som \u00e4ger rum l\u00f6rdagen den 18 oktober i Skat\u00e5sterr\u00e4ngen. De klasser d\u00e4r vi borde kunna f\u00e5 [&hellip;]<\/p>\n","protected":false},"author":2,"featured_media":0,"comment_status":"open","ping_status":"open","sticky":false,"template":"","format":"standard","meta":{"footnotes":""},"categories":[262,1],"tags":[],"class_list":["post-596","post","type-post","status-publish","format-standard","hentry","category-nyheter","category-okategoriserade"],"_links":{"self":[{"href":"https:\/\/www.ifmarinvast.se\/orientering\/wp-json\/wp\/v2\/posts\/596","targetHints":{"allow":["GET"]}}],"collection":[{"href":"https:\/\/www.ifmarinvast.se\/orientering\/wp-json\/wp\/v2\/posts"}],"about":[{"href":"https:\/\/www.ifmarinvast.se\/orientering\/wp-json\/wp\/v2\/types\/post"}],"author":[{"embeddable":true,"href":"https:\/\/www.ifmarinvast.se\/orientering\/wp-json\/wp\/v2\/users\/2"}],"replies":[{"embeddable":true,"href":"https:\/\/www.ifmarinvast.se\/orientering\/wp-json\/wp\/v2\/comments?post=596"}],"version-history":[{"count":1,"href":"https:\/\/www.ifmarinvast.se\/orientering\/wp-json\/wp\/v2\/posts\/596\/revisions"}],"predecessor-version":[{"id":1681,"href":"https:\/\/www.ifmarinvast.se\/orientering\/wp-json\/wp\/v2\/posts\/596\/revisions\/1681"}],"wp:attachment":[{"href":"https:\/\/www.ifmarinvast.se\/orientering\/wp-json\/wp\/v2\/media?parent=596"}],"wp:term":[{"taxonomy":"category","embeddable":true,"href":"https:\/\/www.ifmarinvast.se\/orientering\/wp-json\/wp\/v2\/categories?post=596"},{"taxonomy":"post_tag","embeddable":true,"href":"https:\/\/www.ifmarinvast.se\/orientering\/wp-json\/wp\/v2\/tags?post=596"}],"curies":[{"name":"wp","href":"https:\/\/api.w.org\/{rel}","templated":true}]}}