{"id":594,"date":"2014-07-24T23:43:47","date_gmt":"2014-07-24T21:43:47","guid":{"rendered":"http:\/\/ifmvorientering.wordpress.com\/?p=594"},"modified":"2015-10-11T14:13:40","modified_gmt":"2015-10-11T12:13:40","slug":"ras-och-raket-e4","status":"publish","type":"post","link":"https:\/\/www.ifmarinvast.se\/orientering\/ras-och-raket-e4\/","title":{"rendered":"Ras och Raket E4"},"content":{"rendered":"<p>Efter dagens etapp h\u00e4nde intressanta saker i v\u00e5ra interna t\u00e4vlingar. <\/p>\n<p>Raset-tr\u00f6jan beh\u00f6lls av Staffan, som visserligen klagat \u00f6ver att den var f\u00f6r varm. Efter en fin inledning p\u00e5 veckan som silverraket verkar Staffan nu vara inne i ett tapp-stim. Eller? Idag gick han ner 11 placeringar, G\u00f6sta 3 och Hannes 1.<\/p>\n<p>Raketen var \u00e4nnu mer sp\u00e4nnande, med en tredelad f\u00f6rstaplats! Inte bara Ola utan \u00e4ven Margareta och Anja fick dela dagens utm\u00e4rkelse, samtliga med 22 plockade placeringar.<\/p>\n<p><a href=\"https:\/\/ifmvorientering.files.wordpress.com\/2014\/07\/wpid-dsc_01201.jpg\"><img decoding=\"async\" title=\"DSC_0120.JPG\" class=\"alignnone size-full\" alt=\"image\" src=\"https:\/\/ifmvorientering.files.wordpress.com\/2014\/07\/wpid-dsc_01201.jpg\" \/><\/a><\/p>\n<p>Ola, rakettr\u00f6jan och Margareta p\u00e5 tc p\u00e5 dagens etapp. Anja anas l\u00e4ngre bak i bild.<\/p>\n<p>Grattis till alla pallplaceringar! Nu laddar vi upp f\u00f6r att kanske kunna ta hem en av tr\u00f6jorna imorgon.<\/p>\n","protected":false},"excerpt":{"rendered":"<p>Efter dagens etapp h\u00e4nde intressanta saker i v\u00e5ra interna t\u00e4vlingar. Raset-tr\u00f6jan beh\u00f6lls av Staffan, som visserligen klagat \u00f6ver att den var f\u00f6r varm. Efter en fin inledning p\u00e5 veckan som [&hellip;]<\/p>\n","protected":false},"author":2,"featured_media":0,"comment_status":"open","ping_status":"open","sticky":false,"template":"","format":"standard","meta":{"footnotes":""},"categories":[263],"tags":[65,270,180,181],"class_list":["post-594","post","type-post","status-publish","format-standard","hentry","category-bloggen","tag-e4","tag-o-ringen-skane-2014","tag-raket","tag-ras"],"_links":{"self":[{"href":"https:\/\/www.ifmarinvast.se\/orientering\/wp-json\/wp\/v2\/posts\/594","targetHints":{"allow":["GET"]}}],"collection":[{"href":"https:\/\/www.ifmarinvast.se\/orientering\/wp-json\/wp\/v2\/posts"}],"about":[{"href":"https:\/\/www.ifmarinvast.se\/orientering\/wp-json\/wp\/v2\/types\/post"}],"author":[{"embeddable":true,"href":"https:\/\/www.ifmarinvast.se\/orientering\/wp-json\/wp\/v2\/users\/2"}],"replies":[{"embeddable":true,"href":"https:\/\/www.ifmarinvast.se\/orientering\/wp-json\/wp\/v2\/comments?post=594"}],"version-history":[{"count":1,"href":"https:\/\/www.ifmarinvast.se\/orientering\/wp-json\/wp\/v2\/posts\/594\/revisions"}],"predecessor-version":[{"id":3000,"href":"https:\/\/www.ifmarinvast.se\/orientering\/wp-json\/wp\/v2\/posts\/594\/revisions\/3000"}],"wp:attachment":[{"href":"https:\/\/www.ifmarinvast.se\/orientering\/wp-json\/wp\/v2\/media?parent=594"}],"wp:term":[{"taxonomy":"category","embeddable":true,"href":"https:\/\/www.ifmarinvast.se\/orientering\/wp-json\/wp\/v2\/categories?post=594"},{"taxonomy":"post_tag","embeddable":true,"href":"https:\/\/www.ifmarinvast.se\/orientering\/wp-json\/wp\/v2\/tags?post=594"}],"curies":[{"name":"wp","href":"https:\/\/api.w.org\/{rel}","templated":true}]}}