{"id":591,"date":"2003-09-29T00:00:00","date_gmt":"2003-09-28T22:00:00","guid":{"rendered":"http:\/\/ifmarinvast.se\/2016\/491-smalandskavlen\/"},"modified":"2015-10-11T14:46:16","modified_gmt":"2015-10-11T12:46:16","slug":"491-smalandskavlen","status":"publish","type":"post","link":"https:\/\/www.ifmarinvast.se\/orientering\/491-smalandskavlen\/","title":{"rendered":"Sm\u00e5landskavlen"},"content":{"rendered":"<p>Det finns fortfarande en chans att vara med p\u00e5 Sm\u00e5landskavlen, som avg\u00f6rs i Eksj\u00f6  25-26 oktober. Det saknas en (1) person f\u00f6r att f\u00e5 ihop ytterligare ett lag i den \u00f6ppna klassen (str\u00e4cka 4 km).<br \/>Tv\u00e5 lag \u00e4r anm\u00e4lda till \u00f6ppna klassen<br \/>Seniorlag (Anders J, Bj\u00f6rn D samt Klas)<br \/>Oldboyslag (Staffan, Anders W samt Hans)<br \/>Dessutom \u00e4r ett flicklag anm\u00e4lt i D-16 (Ylva, Hanna, Emma, Anna).<br \/>H\u00f6r av dig senast torsdag 2\/10 till Hans om du \u00e4r intresserad hans@ifmv.nu<\/p>\n","protected":false},"excerpt":{"rendered":"<p>Det finns fortfarande en chans att vara med p\u00e5 Sm\u00e5landskavlen, som avg\u00f6rs i Eksj\u00f6 25-26 oktober. Det saknas en (1) person f\u00f6r att f\u00e5 ihop ytterligare ett lag i den [&hellip;]<\/p>\n","protected":false},"author":2,"featured_media":0,"comment_status":"open","ping_status":"open","sticky":false,"template":"","format":"standard","meta":{"footnotes":""},"categories":[262,1],"tags":[],"class_list":["post-591","post","type-post","status-publish","format-standard","hentry","category-nyheter","category-okategoriserade"],"_links":{"self":[{"href":"https:\/\/www.ifmarinvast.se\/orientering\/wp-json\/wp\/v2\/posts\/591","targetHints":{"allow":["GET"]}}],"collection":[{"href":"https:\/\/www.ifmarinvast.se\/orientering\/wp-json\/wp\/v2\/posts"}],"about":[{"href":"https:\/\/www.ifmarinvast.se\/orientering\/wp-json\/wp\/v2\/types\/post"}],"author":[{"embeddable":true,"href":"https:\/\/www.ifmarinvast.se\/orientering\/wp-json\/wp\/v2\/users\/2"}],"replies":[{"embeddable":true,"href":"https:\/\/www.ifmarinvast.se\/orientering\/wp-json\/wp\/v2\/comments?post=591"}],"version-history":[{"count":1,"href":"https:\/\/www.ifmarinvast.se\/orientering\/wp-json\/wp\/v2\/posts\/591\/revisions"}],"predecessor-version":[{"id":1679,"href":"https:\/\/www.ifmarinvast.se\/orientering\/wp-json\/wp\/v2\/posts\/591\/revisions\/1679"}],"wp:attachment":[{"href":"https:\/\/www.ifmarinvast.se\/orientering\/wp-json\/wp\/v2\/media?parent=591"}],"wp:term":[{"taxonomy":"category","embeddable":true,"href":"https:\/\/www.ifmarinvast.se\/orientering\/wp-json\/wp\/v2\/categories?post=591"},{"taxonomy":"post_tag","embeddable":true,"href":"https:\/\/www.ifmarinvast.se\/orientering\/wp-json\/wp\/v2\/tags?post=591"}],"curies":[{"name":"wp","href":"https:\/\/api.w.org\/{rel}","templated":true}]}}