{"id":590,"date":"2003-09-29T00:00:00","date_gmt":"2003-09-28T22:00:00","guid":{"rendered":"http:\/\/ifmarinvast.se\/2016\/obs-torsdagstraning-pa-tisdag-denna-veckan-obs\/"},"modified":"2015-10-11T14:46:16","modified_gmt":"2015-10-11T12:46:16","slug":"obs-torsdagstraning-pa-tisdag-denna-veckan-obs","status":"publish","type":"post","link":"https:\/\/www.ifmarinvast.se\/orientering\/obs-torsdagstraning-pa-tisdag-denna-veckan-obs\/","title":{"rendered":"OBS!!! TORSDAGSTR\u00c4NING P\u00c5 TISDAG DENNA VECKAN! OBS!!!"},"content":{"rendered":"<p>Veckans natttr\u00e4ning f\u00f6r <u>alla<\/u> klubbmedlemmar g\u00e5r p\u00e5 tisdag 30 september. Samling vid vakten AMF4 kl 19.30. Gemensam inpassage &#8211; passa tiden!<br \/>Ordinarie konditionstr\u00e4ning med Hans G \u00e4r inst\u00e4lld!<\/p>\n<p>Pr\u00f6va p\u00e5 att nattorientera &#8211; \u00e4ven ni vuxna. F\u00e4rdigritade kartor med kontrollbeskrivningar till alla. Ungdomar, som vill st\u00e4lla upp i ungdomst\u00e4vlingen N\u00e4rnattcupen som startar p\u00e5 onsdag 1 oktober, har fortfarande chansen att anm\u00e4la sig. Klubben l\u00e5nar ut nattlampor. T\u00e4vlingen best\u00e5r av 4 etapper p\u00e5 onsdagskv\u00e4llar under oktober. Kontakta Bengt Dellming 295107 f\u00f6r ytterligare besked.<\/p>\n","protected":false},"excerpt":{"rendered":"<p>Veckans natttr\u00e4ning f\u00f6r alla klubbmedlemmar g\u00e5r p\u00e5 tisdag 30 september. Samling vid vakten AMF4 kl 19.30. Gemensam inpassage &#8211; passa tiden!Ordinarie konditionstr\u00e4ning med Hans G \u00e4r inst\u00e4lld! Pr\u00f6va p\u00e5 att [&hellip;]<\/p>\n","protected":false},"author":2,"featured_media":0,"comment_status":"open","ping_status":"open","sticky":false,"template":"","format":"standard","meta":{"footnotes":""},"categories":[262,1],"tags":[],"class_list":["post-590","post","type-post","status-publish","format-standard","hentry","category-nyheter","category-okategoriserade"],"_links":{"self":[{"href":"https:\/\/www.ifmarinvast.se\/orientering\/wp-json\/wp\/v2\/posts\/590","targetHints":{"allow":["GET"]}}],"collection":[{"href":"https:\/\/www.ifmarinvast.se\/orientering\/wp-json\/wp\/v2\/posts"}],"about":[{"href":"https:\/\/www.ifmarinvast.se\/orientering\/wp-json\/wp\/v2\/types\/post"}],"author":[{"embeddable":true,"href":"https:\/\/www.ifmarinvast.se\/orientering\/wp-json\/wp\/v2\/users\/2"}],"replies":[{"embeddable":true,"href":"https:\/\/www.ifmarinvast.se\/orientering\/wp-json\/wp\/v2\/comments?post=590"}],"version-history":[{"count":1,"href":"https:\/\/www.ifmarinvast.se\/orientering\/wp-json\/wp\/v2\/posts\/590\/revisions"}],"predecessor-version":[{"id":1678,"href":"https:\/\/www.ifmarinvast.se\/orientering\/wp-json\/wp\/v2\/posts\/590\/revisions\/1678"}],"wp:attachment":[{"href":"https:\/\/www.ifmarinvast.se\/orientering\/wp-json\/wp\/v2\/media?parent=590"}],"wp:term":[{"taxonomy":"category","embeddable":true,"href":"https:\/\/www.ifmarinvast.se\/orientering\/wp-json\/wp\/v2\/categories?post=590"},{"taxonomy":"post_tag","embeddable":true,"href":"https:\/\/www.ifmarinvast.se\/orientering\/wp-json\/wp\/v2\/tags?post=590"}],"curies":[{"name":"wp","href":"https:\/\/api.w.org\/{rel}","templated":true}]}}