{"id":581,"date":"2003-09-10T00:00:00","date_gmt":"2003-09-09T22:00:00","guid":{"rendered":"http:\/\/ifmarinvast.se\/2016\/obs-obs-klubbmasterskapet-27-september-ar-flyttat-obs-obs\/"},"modified":"2015-10-11T14:46:28","modified_gmt":"2015-10-11T12:46:28","slug":"obs-obs-klubbmasterskapet-27-september-ar-flyttat-obs-obs","status":"publish","type":"post","link":"https:\/\/www.ifmarinvast.se\/orientering\/obs-obs-klubbmasterskapet-27-september-ar-flyttat-obs-obs\/","title":{"rendered":"OBS! OBS! KLUBBM\u00c4STERSKAPET 27 SEPTEMBER \u00c4R FLYTTAT OBS! OBS!"},"content":{"rendered":"<p>S\u00e4vedalens AIK kortdistanst\u00e4vling 27 september, som vi skulle utnyttja som KM-t\u00e4vling, \u00e4r inst\u00e4lld. Vi tvingas d\u00e4rf\u00f6r att flytta KM till GMOK:s t\u00e4vling 1 november(kortdistans). \u00c5terkommer med ytterligare information om KM:et senare.<\/p>\n","protected":false},"excerpt":{"rendered":"<p>S\u00e4vedalens AIK kortdistanst\u00e4vling 27 september, som vi skulle utnyttja som KM-t\u00e4vling, \u00e4r inst\u00e4lld. Vi tvingas d\u00e4rf\u00f6r att flytta KM till GMOK:s t\u00e4vling 1 november(kortdistans). \u00c5terkommer med ytterligare information om KM:et [&hellip;]<\/p>\n","protected":false},"author":2,"featured_media":0,"comment_status":"open","ping_status":"open","sticky":false,"template":"","format":"standard","meta":{"footnotes":""},"categories":[262,1],"tags":[],"class_list":["post-581","post","type-post","status-publish","format-standard","hentry","category-nyheter","category-okategoriserade"],"_links":{"self":[{"href":"https:\/\/www.ifmarinvast.se\/orientering\/wp-json\/wp\/v2\/posts\/581","targetHints":{"allow":["GET"]}}],"collection":[{"href":"https:\/\/www.ifmarinvast.se\/orientering\/wp-json\/wp\/v2\/posts"}],"about":[{"href":"https:\/\/www.ifmarinvast.se\/orientering\/wp-json\/wp\/v2\/types\/post"}],"author":[{"embeddable":true,"href":"https:\/\/www.ifmarinvast.se\/orientering\/wp-json\/wp\/v2\/users\/2"}],"replies":[{"embeddable":true,"href":"https:\/\/www.ifmarinvast.se\/orientering\/wp-json\/wp\/v2\/comments?post=581"}],"version-history":[{"count":1,"href":"https:\/\/www.ifmarinvast.se\/orientering\/wp-json\/wp\/v2\/posts\/581\/revisions"}],"predecessor-version":[{"id":1675,"href":"https:\/\/www.ifmarinvast.se\/orientering\/wp-json\/wp\/v2\/posts\/581\/revisions\/1675"}],"wp:attachment":[{"href":"https:\/\/www.ifmarinvast.se\/orientering\/wp-json\/wp\/v2\/media?parent=581"}],"wp:term":[{"taxonomy":"category","embeddable":true,"href":"https:\/\/www.ifmarinvast.se\/orientering\/wp-json\/wp\/v2\/categories?post=581"},{"taxonomy":"post_tag","embeddable":true,"href":"https:\/\/www.ifmarinvast.se\/orientering\/wp-json\/wp\/v2\/tags?post=581"}],"curies":[{"name":"wp","href":"https:\/\/api.w.org\/{rel}","templated":true}]}}