{"id":580,"date":"2003-09-08T00:00:00","date_gmt":"2003-09-07T22:00:00","guid":{"rendered":"http:\/\/ifmarinvast.se\/2016\/if-marin-vast-tog-silver-i-budkavle-dm\/"},"modified":"2015-10-11T14:46:28","modified_gmt":"2015-10-11T12:46:28","slug":"if-marin-vast-tog-silver-i-budkavle-dm","status":"publish","type":"post","link":"https:\/\/www.ifmarinvast.se\/orientering\/if-marin-vast-tog-silver-i-budkavle-dm\/","title":{"rendered":"IF Marin V\u00e4st tog silver i budkavle-DM"},"content":{"rendered":"<p>Som redan noterats slutade D12-laget p\u00e5 en mycket meriterande silverplats bland 11 startande lag, i en av de st\u00f6rre ungdomsklasserna p\u00e5 budkavle-DM.<br \/>L\u00e4s om bedriften i <a href='http:\/\/www.ifmv.nu\/aktuellt\/silverbudkavledm.asp'>Hans referat \u00bb<\/a><\/p>\n","protected":false},"excerpt":{"rendered":"<p>Som redan noterats slutade D12-laget p\u00e5 en mycket meriterande silverplats bland 11 startande lag, i en av de st\u00f6rre ungdomsklasserna p\u00e5 budkavle-DM.L\u00e4s om bedriften i Hans referat \u00bb<\/p>\n","protected":false},"author":2,"featured_media":0,"comment_status":"open","ping_status":"open","sticky":false,"template":"","format":"standard","meta":{"footnotes":""},"categories":[262,1],"tags":[],"class_list":["post-580","post","type-post","status-publish","format-standard","hentry","category-nyheter","category-okategoriserade"],"_links":{"self":[{"href":"https:\/\/www.ifmarinvast.se\/orientering\/wp-json\/wp\/v2\/posts\/580","targetHints":{"allow":["GET"]}}],"collection":[{"href":"https:\/\/www.ifmarinvast.se\/orientering\/wp-json\/wp\/v2\/posts"}],"about":[{"href":"https:\/\/www.ifmarinvast.se\/orientering\/wp-json\/wp\/v2\/types\/post"}],"author":[{"embeddable":true,"href":"https:\/\/www.ifmarinvast.se\/orientering\/wp-json\/wp\/v2\/users\/2"}],"replies":[{"embeddable":true,"href":"https:\/\/www.ifmarinvast.se\/orientering\/wp-json\/wp\/v2\/comments?post=580"}],"version-history":[{"count":1,"href":"https:\/\/www.ifmarinvast.se\/orientering\/wp-json\/wp\/v2\/posts\/580\/revisions"}],"predecessor-version":[{"id":1674,"href":"https:\/\/www.ifmarinvast.se\/orientering\/wp-json\/wp\/v2\/posts\/580\/revisions\/1674"}],"wp:attachment":[{"href":"https:\/\/www.ifmarinvast.se\/orientering\/wp-json\/wp\/v2\/media?parent=580"}],"wp:term":[{"taxonomy":"category","embeddable":true,"href":"https:\/\/www.ifmarinvast.se\/orientering\/wp-json\/wp\/v2\/categories?post=580"},{"taxonomy":"post_tag","embeddable":true,"href":"https:\/\/www.ifmarinvast.se\/orientering\/wp-json\/wp\/v2\/tags?post=580"}],"curies":[{"name":"wp","href":"https:\/\/api.w.org\/{rel}","templated":true}]}}