{"id":577,"date":"2003-09-07T00:00:00","date_gmt":"2003-09-06T22:00:00","guid":{"rendered":"http:\/\/ifmarinvast.se\/2016\/silver-i-dm-budkavlen\/"},"modified":"2015-10-11T14:46:28","modified_gmt":"2015-10-11T12:46:28","slug":"silver-i-dm-budkavlen","status":"publish","type":"post","link":"https:\/\/www.ifmarinvast.se\/orientering\/silver-i-dm-budkavlen\/","title":{"rendered":"SILVER I DM-BUDKAVLEN!!!"},"content":{"rendered":"<p>Idag sprang Clara, Emma, Jenny och Hanna en fantastisk budkavle i DM, och klev in som n\u00e4st b\u00e4sta lag i distriktet efter OK Landehof. Ett J\u00c4TTEGRATTIS till hela laget! Otroligt starkt gjort av er. Hela b\u00e5tlasten K\u00e4ns\u00f6resen\u00e4rer appl\u00e5derade er n\u00e4r vi fick veta! I v\u00e4ntan p\u00e5 att n\u00e5gon som vet mer om hur t\u00e4vlingen utvecklade sig skriver, f\u00e5r jag h\u00e4nvisa alla vetgiriga till resultaten under <a href='tavling'>T\u00e4vling<\/a> i menyn.<\/p>\n","protected":false},"excerpt":{"rendered":"<p>Idag sprang Clara, Emma, Jenny och Hanna en fantastisk budkavle i DM, och klev in som n\u00e4st b\u00e4sta lag i distriktet efter OK Landehof. Ett J\u00c4TTEGRATTIS till hela laget! Otroligt [&hellip;]<\/p>\n","protected":false},"author":2,"featured_media":0,"comment_status":"open","ping_status":"open","sticky":false,"template":"","format":"standard","meta":{"footnotes":""},"categories":[262,1],"tags":[],"class_list":["post-577","post","type-post","status-publish","format-standard","hentry","category-nyheter","category-okategoriserade"],"_links":{"self":[{"href":"https:\/\/www.ifmarinvast.se\/orientering\/wp-json\/wp\/v2\/posts\/577","targetHints":{"allow":["GET"]}}],"collection":[{"href":"https:\/\/www.ifmarinvast.se\/orientering\/wp-json\/wp\/v2\/posts"}],"about":[{"href":"https:\/\/www.ifmarinvast.se\/orientering\/wp-json\/wp\/v2\/types\/post"}],"author":[{"embeddable":true,"href":"https:\/\/www.ifmarinvast.se\/orientering\/wp-json\/wp\/v2\/users\/2"}],"replies":[{"embeddable":true,"href":"https:\/\/www.ifmarinvast.se\/orientering\/wp-json\/wp\/v2\/comments?post=577"}],"version-history":[{"count":1,"href":"https:\/\/www.ifmarinvast.se\/orientering\/wp-json\/wp\/v2\/posts\/577\/revisions"}],"predecessor-version":[{"id":1672,"href":"https:\/\/www.ifmarinvast.se\/orientering\/wp-json\/wp\/v2\/posts\/577\/revisions\/1672"}],"wp:attachment":[{"href":"https:\/\/www.ifmarinvast.se\/orientering\/wp-json\/wp\/v2\/media?parent=577"}],"wp:term":[{"taxonomy":"category","embeddable":true,"href":"https:\/\/www.ifmarinvast.se\/orientering\/wp-json\/wp\/v2\/categories?post=577"},{"taxonomy":"post_tag","embeddable":true,"href":"https:\/\/www.ifmarinvast.se\/orientering\/wp-json\/wp\/v2\/tags?post=577"}],"curies":[{"name":"wp","href":"https:\/\/api.w.org\/{rel}","templated":true}]}}