{"id":573,"date":"2003-09-01T00:00:00","date_gmt":"2003-08-31T22:00:00","guid":{"rendered":"http:\/\/ifmarinvast.se\/2016\/borttappad-traningsjacka\/"},"modified":"2015-10-11T14:46:29","modified_gmt":"2015-10-11T12:46:29","slug":"borttappad-traningsjacka","status":"publish","type":"post","link":"https:\/\/www.ifmarinvast.se\/orientering\/borttappad-traningsjacka\/","title":{"rendered":"Borttappad tr\u00e4ningsjacka"},"content":{"rendered":"<p>Jag har tagit hand om en tr\u00e4ningsoverallsjacka, storlek S, fr\u00e5n t\u00e4vlingen i l\u00f6rdags. H\u00f6r av dig till Bengt D om du saknar den.<\/p>\n","protected":false},"excerpt":{"rendered":"<p>Jag har tagit hand om en tr\u00e4ningsoverallsjacka, storlek S, fr\u00e5n t\u00e4vlingen i l\u00f6rdags. H\u00f6r av dig till Bengt D om du saknar den.<\/p>\n","protected":false},"author":2,"featured_media":0,"comment_status":"open","ping_status":"open","sticky":false,"template":"","format":"standard","meta":{"footnotes":""},"categories":[262,1],"tags":[],"class_list":["post-573","post","type-post","status-publish","format-standard","hentry","category-nyheter","category-okategoriserade"],"_links":{"self":[{"href":"https:\/\/www.ifmarinvast.se\/orientering\/wp-json\/wp\/v2\/posts\/573","targetHints":{"allow":["GET"]}}],"collection":[{"href":"https:\/\/www.ifmarinvast.se\/orientering\/wp-json\/wp\/v2\/posts"}],"about":[{"href":"https:\/\/www.ifmarinvast.se\/orientering\/wp-json\/wp\/v2\/types\/post"}],"author":[{"embeddable":true,"href":"https:\/\/www.ifmarinvast.se\/orientering\/wp-json\/wp\/v2\/users\/2"}],"replies":[{"embeddable":true,"href":"https:\/\/www.ifmarinvast.se\/orientering\/wp-json\/wp\/v2\/comments?post=573"}],"version-history":[{"count":1,"href":"https:\/\/www.ifmarinvast.se\/orientering\/wp-json\/wp\/v2\/posts\/573\/revisions"}],"predecessor-version":[{"id":1670,"href":"https:\/\/www.ifmarinvast.se\/orientering\/wp-json\/wp\/v2\/posts\/573\/revisions\/1670"}],"wp:attachment":[{"href":"https:\/\/www.ifmarinvast.se\/orientering\/wp-json\/wp\/v2\/media?parent=573"}],"wp:term":[{"taxonomy":"category","embeddable":true,"href":"https:\/\/www.ifmarinvast.se\/orientering\/wp-json\/wp\/v2\/categories?post=573"},{"taxonomy":"post_tag","embeddable":true,"href":"https:\/\/www.ifmarinvast.se\/orientering\/wp-json\/wp\/v2\/tags?post=573"}],"curies":[{"name":"wp","href":"https:\/\/api.w.org\/{rel}","templated":true}]}}