{"id":571,"date":"2003-09-01T00:00:00","date_gmt":"2003-08-31T22:00:00","guid":{"rendered":"http:\/\/ifmarinvast.se\/2016\/dags-att-anmala-sig-till-smalandkavlen\/"},"modified":"2015-10-11T14:46:29","modified_gmt":"2015-10-11T12:46:29","slug":"dags-att-anmala-sig-till-smalandkavlen","status":"publish","type":"post","link":"https:\/\/www.ifmarinvast.se\/orientering\/dags-att-anmala-sig-till-smalandkavlen\/","title":{"rendered":"Dags att anm\u00e4la sig till Sm\u00e5landkavlen"},"content":{"rendered":"<p>F\u00f6r att vi skall f\u00e5 s\u00e5 bra inkvartering som m\u00f6jligt i Eksj\u00f6 vill vi ha din anm\u00e4lan senast <b>8 september.<\/b> Som det ser ut nu har vi 2-3 lag, men vi borde kunna f\u00e5 ihop ytterligare ngt lag. L\u00e4s mer i klubbtidningen eller kontakta Hans.<br \/>Anm\u00e4lan till smaland@ifmv.nu.<\/p>\n","protected":false},"excerpt":{"rendered":"<p>F\u00f6r att vi skall f\u00e5 s\u00e5 bra inkvartering som m\u00f6jligt i Eksj\u00f6 vill vi ha din anm\u00e4lan senast 8 september. Som det ser ut nu har vi 2-3 lag, men [&hellip;]<\/p>\n","protected":false},"author":2,"featured_media":0,"comment_status":"open","ping_status":"open","sticky":false,"template":"","format":"standard","meta":{"footnotes":""},"categories":[262,1],"tags":[],"class_list":["post-571","post","type-post","status-publish","format-standard","hentry","category-nyheter","category-okategoriserade"],"_links":{"self":[{"href":"https:\/\/www.ifmarinvast.se\/orientering\/wp-json\/wp\/v2\/posts\/571","targetHints":{"allow":["GET"]}}],"collection":[{"href":"https:\/\/www.ifmarinvast.se\/orientering\/wp-json\/wp\/v2\/posts"}],"about":[{"href":"https:\/\/www.ifmarinvast.se\/orientering\/wp-json\/wp\/v2\/types\/post"}],"author":[{"embeddable":true,"href":"https:\/\/www.ifmarinvast.se\/orientering\/wp-json\/wp\/v2\/users\/2"}],"replies":[{"embeddable":true,"href":"https:\/\/www.ifmarinvast.se\/orientering\/wp-json\/wp\/v2\/comments?post=571"}],"version-history":[{"count":1,"href":"https:\/\/www.ifmarinvast.se\/orientering\/wp-json\/wp\/v2\/posts\/571\/revisions"}],"predecessor-version":[{"id":1668,"href":"https:\/\/www.ifmarinvast.se\/orientering\/wp-json\/wp\/v2\/posts\/571\/revisions\/1668"}],"wp:attachment":[{"href":"https:\/\/www.ifmarinvast.se\/orientering\/wp-json\/wp\/v2\/media?parent=571"}],"wp:term":[{"taxonomy":"category","embeddable":true,"href":"https:\/\/www.ifmarinvast.se\/orientering\/wp-json\/wp\/v2\/categories?post=571"},{"taxonomy":"post_tag","embeddable":true,"href":"https:\/\/www.ifmarinvast.se\/orientering\/wp-json\/wp\/v2\/tags?post=571"}],"curies":[{"name":"wp","href":"https:\/\/api.w.org\/{rel}","templated":true}]}}