{"id":570,"date":"2003-08-31T00:00:00","date_gmt":"2003-08-30T22:00:00","guid":{"rendered":"http:\/\/ifmarinvast.se\/2016\/det-blir-torsdagstraning-4-sep\/"},"modified":"2015-10-11T14:46:29","modified_gmt":"2015-10-11T12:46:29","slug":"det-blir-torsdagstraning-4-sep","status":"publish","type":"post","link":"https:\/\/www.ifmarinvast.se\/orientering\/det-blir-torsdagstraning-4-sep\/","title":{"rendered":"Det blir torsdagstr\u00e4ning 4 sep!"},"content":{"rendered":"<p>N\u00e4r alla tr\u00e4narna sitter och filar p\u00e5 K\u00e4ns\u00f6l\u00e4gret kliver de som vill tr\u00e4na in och fixar en tr\u00e4ning ist\u00e4llet. Anna och Ylva ordnar orientering i P\u00e5velund, och de och jag hoppas att s\u00e5 m\u00e5nga som m\u00f6jligt ur T\u00c4, TR, FO, f\u00f6r\u00e4ldrar och andra kommer! J\u00e4tteroligt att de tar p\u00e5 sig jobbet! Samling vid P\u00e5velunds MC kl. 18.00 &#8211; var d\u00e4r!!!<\/p>\n","protected":false},"excerpt":{"rendered":"<p>N\u00e4r alla tr\u00e4narna sitter och filar p\u00e5 K\u00e4ns\u00f6l\u00e4gret kliver de som vill tr\u00e4na in och fixar en tr\u00e4ning ist\u00e4llet. Anna och Ylva ordnar orientering i P\u00e5velund, och de och jag [&hellip;]<\/p>\n","protected":false},"author":2,"featured_media":0,"comment_status":"open","ping_status":"open","sticky":false,"template":"","format":"standard","meta":{"footnotes":""},"categories":[262,1],"tags":[],"class_list":["post-570","post","type-post","status-publish","format-standard","hentry","category-nyheter","category-okategoriserade"],"_links":{"self":[{"href":"https:\/\/www.ifmarinvast.se\/orientering\/wp-json\/wp\/v2\/posts\/570","targetHints":{"allow":["GET"]}}],"collection":[{"href":"https:\/\/www.ifmarinvast.se\/orientering\/wp-json\/wp\/v2\/posts"}],"about":[{"href":"https:\/\/www.ifmarinvast.se\/orientering\/wp-json\/wp\/v2\/types\/post"}],"author":[{"embeddable":true,"href":"https:\/\/www.ifmarinvast.se\/orientering\/wp-json\/wp\/v2\/users\/2"}],"replies":[{"embeddable":true,"href":"https:\/\/www.ifmarinvast.se\/orientering\/wp-json\/wp\/v2\/comments?post=570"}],"version-history":[{"count":1,"href":"https:\/\/www.ifmarinvast.se\/orientering\/wp-json\/wp\/v2\/posts\/570\/revisions"}],"predecessor-version":[{"id":1667,"href":"https:\/\/www.ifmarinvast.se\/orientering\/wp-json\/wp\/v2\/posts\/570\/revisions\/1667"}],"wp:attachment":[{"href":"https:\/\/www.ifmarinvast.se\/orientering\/wp-json\/wp\/v2\/media?parent=570"}],"wp:term":[{"taxonomy":"category","embeddable":true,"href":"https:\/\/www.ifmarinvast.se\/orientering\/wp-json\/wp\/v2\/categories?post=570"},{"taxonomy":"post_tag","embeddable":true,"href":"https:\/\/www.ifmarinvast.se\/orientering\/wp-json\/wp\/v2\/tags?post=570"}],"curies":[{"name":"wp","href":"https:\/\/api.w.org\/{rel}","templated":true}]}}