{"id":568,"date":"2003-08-27T00:00:00","date_gmt":"2003-08-26T22:00:00","guid":{"rendered":"http:\/\/ifmarinvast.se\/2016\/torsdagstraningen-28-aug-ar-installd\/"},"modified":"2015-10-11T14:46:29","modified_gmt":"2015-10-11T12:46:29","slug":"torsdagstraningen-28-aug-ar-installd","status":"publish","type":"post","link":"https:\/\/www.ifmarinvast.se\/orientering\/torsdagstraningen-28-aug-ar-installd\/","title":{"rendered":"TORSDAGSTR\u00c4NINGEN 28 AUG \u00c4R INST\u00c4LLD"},"content":{"rendered":"<p>Tr\u00e4ningen inst\u00e4lles eftersom ingen ledare har tid att genomf\u00f6ra tr\u00e4ningen.<\/p>\n","protected":false},"excerpt":{"rendered":"<p>Tr\u00e4ningen inst\u00e4lles eftersom ingen ledare har tid att genomf\u00f6ra tr\u00e4ningen.<\/p>\n","protected":false},"author":2,"featured_media":0,"comment_status":"open","ping_status":"open","sticky":false,"template":"","format":"standard","meta":{"footnotes":""},"categories":[262,1],"tags":[],"class_list":["post-568","post","type-post","status-publish","format-standard","hentry","category-nyheter","category-okategoriserade"],"_links":{"self":[{"href":"https:\/\/www.ifmarinvast.se\/orientering\/wp-json\/wp\/v2\/posts\/568","targetHints":{"allow":["GET"]}}],"collection":[{"href":"https:\/\/www.ifmarinvast.se\/orientering\/wp-json\/wp\/v2\/posts"}],"about":[{"href":"https:\/\/www.ifmarinvast.se\/orientering\/wp-json\/wp\/v2\/types\/post"}],"author":[{"embeddable":true,"href":"https:\/\/www.ifmarinvast.se\/orientering\/wp-json\/wp\/v2\/users\/2"}],"replies":[{"embeddable":true,"href":"https:\/\/www.ifmarinvast.se\/orientering\/wp-json\/wp\/v2\/comments?post=568"}],"version-history":[{"count":1,"href":"https:\/\/www.ifmarinvast.se\/orientering\/wp-json\/wp\/v2\/posts\/568\/revisions"}],"predecessor-version":[{"id":1665,"href":"https:\/\/www.ifmarinvast.se\/orientering\/wp-json\/wp\/v2\/posts\/568\/revisions\/1665"}],"wp:attachment":[{"href":"https:\/\/www.ifmarinvast.se\/orientering\/wp-json\/wp\/v2\/media?parent=568"}],"wp:term":[{"taxonomy":"category","embeddable":true,"href":"https:\/\/www.ifmarinvast.se\/orientering\/wp-json\/wp\/v2\/categories?post=568"},{"taxonomy":"post_tag","embeddable":true,"href":"https:\/\/www.ifmarinvast.se\/orientering\/wp-json\/wp\/v2\/tags?post=568"}],"curies":[{"name":"wp","href":"https:\/\/api.w.org\/{rel}","templated":true}]}}