{"id":567,"date":"2003-08-24T00:00:00","date_gmt":"2003-08-23T22:00:00","guid":{"rendered":"http:\/\/ifmarinvast.se\/2016\/antligen-startar-tisdagstraningen\/"},"modified":"2015-10-11T14:46:29","modified_gmt":"2015-10-11T12:46:29","slug":"antligen-startar-tisdagstraningen","status":"publish","type":"post","link":"https:\/\/www.ifmarinvast.se\/orientering\/antligen-startar-tisdagstraningen\/","title":{"rendered":"\u00c4ntligen startar tisdagstr\u00e4ningen"},"content":{"rendered":"<p>Vi samlas kl 18 vid vakten Amf4 nu p\u00e5 tisdag 26\/8. Intervall 3&#215;1 minut eller s\u00e5 springer man i sitt eget tempo.<\/p>\n<p>Tag nu chansen att b\u00e4ttra p\u00e5 kondisen efter en sommar i h\u00e4ngmattan. Det \u00e4r bara en (1) m\u00e5nad kvar till \u00e5rets klubbm\u00e4sterskap!<br \/>\/Tr\u00e4narn<\/p>\n","protected":false},"excerpt":{"rendered":"<p>Vi samlas kl 18 vid vakten Amf4 nu p\u00e5 tisdag 26\/8. Intervall 3&#215;1 minut eller s\u00e5 springer man i sitt eget tempo. Tag nu chansen att b\u00e4ttra p\u00e5 kondisen efter [&hellip;]<\/p>\n","protected":false},"author":2,"featured_media":0,"comment_status":"open","ping_status":"open","sticky":false,"template":"","format":"standard","meta":{"footnotes":""},"categories":[262,1],"tags":[],"class_list":["post-567","post","type-post","status-publish","format-standard","hentry","category-nyheter","category-okategoriserade"],"_links":{"self":[{"href":"https:\/\/www.ifmarinvast.se\/orientering\/wp-json\/wp\/v2\/posts\/567","targetHints":{"allow":["GET"]}}],"collection":[{"href":"https:\/\/www.ifmarinvast.se\/orientering\/wp-json\/wp\/v2\/posts"}],"about":[{"href":"https:\/\/www.ifmarinvast.se\/orientering\/wp-json\/wp\/v2\/types\/post"}],"author":[{"embeddable":true,"href":"https:\/\/www.ifmarinvast.se\/orientering\/wp-json\/wp\/v2\/users\/2"}],"replies":[{"embeddable":true,"href":"https:\/\/www.ifmarinvast.se\/orientering\/wp-json\/wp\/v2\/comments?post=567"}],"version-history":[{"count":1,"href":"https:\/\/www.ifmarinvast.se\/orientering\/wp-json\/wp\/v2\/posts\/567\/revisions"}],"predecessor-version":[{"id":1664,"href":"https:\/\/www.ifmarinvast.se\/orientering\/wp-json\/wp\/v2\/posts\/567\/revisions\/1664"}],"wp:attachment":[{"href":"https:\/\/www.ifmarinvast.se\/orientering\/wp-json\/wp\/v2\/media?parent=567"}],"wp:term":[{"taxonomy":"category","embeddable":true,"href":"https:\/\/www.ifmarinvast.se\/orientering\/wp-json\/wp\/v2\/categories?post=567"},{"taxonomy":"post_tag","embeddable":true,"href":"https:\/\/www.ifmarinvast.se\/orientering\/wp-json\/wp\/v2\/tags?post=567"}],"curies":[{"name":"wp","href":"https:\/\/api.w.org\/{rel}","templated":true}]}}