{"id":559,"date":"2003-07-29T00:00:00","date_gmt":"2003-07-28T22:00:00","guid":{"rendered":"http:\/\/ifmarinvast.se\/2016\/lageranmalan-oppen\/"},"modified":"2015-10-11T14:46:44","modified_gmt":"2015-10-11T12:46:44","slug":"lageranmalan-oppen","status":"publish","type":"post","link":"https:\/\/www.ifmarinvast.se\/orientering\/lageranmalan-oppen\/","title":{"rendered":"L\u00e4geranm\u00e4lan \u00f6ppen"},"content":{"rendered":"<p>Nu kan man anm\u00e4la sig till \u00e5rets tr\u00e4ningsl\u00e4ger f\u00f6r v\u00e5ra ungdomar. L\u00e4gret \u00e4r som vanligt f\u00f6rlagt till K\u00e4ns\u00f6 och \u00e4ger rum helgen 5-7 september.<br \/>L\u00e4s mer och anm\u00e4l dig p\u00e5 <a href='http:\/\/www.ifmv.nu\/aktuellt\/lager2003.asp'>L\u00e4ger 2003-sidan \u00bb<\/a><\/p>\n","protected":false},"excerpt":{"rendered":"<p>Nu kan man anm\u00e4la sig till \u00e5rets tr\u00e4ningsl\u00e4ger f\u00f6r v\u00e5ra ungdomar. L\u00e4gret \u00e4r som vanligt f\u00f6rlagt till K\u00e4ns\u00f6 och \u00e4ger rum helgen 5-7 september.L\u00e4s mer och anm\u00e4l dig p\u00e5 L\u00e4ger [&hellip;]<\/p>\n","protected":false},"author":2,"featured_media":0,"comment_status":"open","ping_status":"open","sticky":false,"template":"","format":"standard","meta":{"footnotes":""},"categories":[262,1],"tags":[],"class_list":["post-559","post","type-post","status-publish","format-standard","hentry","category-nyheter","category-okategoriserade"],"_links":{"self":[{"href":"https:\/\/www.ifmarinvast.se\/orientering\/wp-json\/wp\/v2\/posts\/559","targetHints":{"allow":["GET"]}}],"collection":[{"href":"https:\/\/www.ifmarinvast.se\/orientering\/wp-json\/wp\/v2\/posts"}],"about":[{"href":"https:\/\/www.ifmarinvast.se\/orientering\/wp-json\/wp\/v2\/types\/post"}],"author":[{"embeddable":true,"href":"https:\/\/www.ifmarinvast.se\/orientering\/wp-json\/wp\/v2\/users\/2"}],"replies":[{"embeddable":true,"href":"https:\/\/www.ifmarinvast.se\/orientering\/wp-json\/wp\/v2\/comments?post=559"}],"version-history":[{"count":1,"href":"https:\/\/www.ifmarinvast.se\/orientering\/wp-json\/wp\/v2\/posts\/559\/revisions"}],"predecessor-version":[{"id":1658,"href":"https:\/\/www.ifmarinvast.se\/orientering\/wp-json\/wp\/v2\/posts\/559\/revisions\/1658"}],"wp:attachment":[{"href":"https:\/\/www.ifmarinvast.se\/orientering\/wp-json\/wp\/v2\/media?parent=559"}],"wp:term":[{"taxonomy":"category","embeddable":true,"href":"https:\/\/www.ifmarinvast.se\/orientering\/wp-json\/wp\/v2\/categories?post=559"},{"taxonomy":"post_tag","embeddable":true,"href":"https:\/\/www.ifmarinvast.se\/orientering\/wp-json\/wp\/v2\/tags?post=559"}],"curies":[{"name":"wp","href":"https:\/\/api.w.org\/{rel}","templated":true}]}}