{"id":5521,"date":"2020-01-10T15:57:02","date_gmt":"2020-01-10T14:57:02","guid":{"rendered":"http:\/\/www.ifmarinvast.se\/orientering\/?p=5521"},"modified":"2020-01-10T15:57:04","modified_gmt":"2020-01-10T14:57:04","slug":"innetraningarna-ar-igang-igen-efter-juluppehallet","status":"publish","type":"post","link":"https:\/\/www.ifmarinvast.se\/orientering\/innetraningarna-ar-igang-igen-efter-juluppehallet\/","title":{"rendered":"Innetr\u00e4ningarna \u00e4r ig\u00e5ng igen efter juluppeh\u00e5llet"},"content":{"rendered":"\n<p>Innetr\u00e4ningarna i Hagenskolans gymnastiksal p\u00e5 tisdagar \u00e4r ig\u00e5ng efter juluppeh\u00e5llet, se <a href=\"https:\/\/www.ifmarinvast.se\/orientering\/kalender\/\">kalendern<\/a>. Omkl\u00e4dningsrummen och hallen \u00f6ppnar 18:00 och vi h\u00e5ller p\u00e5 till ca 19:30. Det blir traditionsenlig stationsgympa och innebandy och alla kan vara med. Innetr\u00e4ningarna p\u00e5g\u00e5r till och med mars (uppeh\u00e5ll under sportlovet).<\/p>\n","protected":false},"excerpt":{"rendered":"<p>Innetr\u00e4ningarna i Hagenskolans gymnastiksal p\u00e5 tisdagar \u00e4r ig\u00e5ng efter juluppeh\u00e5llet, se kalendern. Omkl\u00e4dningsrummen och hallen \u00f6ppnar 18:00 och vi h\u00e5ller p\u00e5 till ca 19:30. Det blir traditionsenlig stationsgympa och innebandy [&hellip;]<\/p>\n","protected":false},"author":4,"featured_media":0,"comment_status":"open","ping_status":"closed","sticky":false,"template":"","format":"standard","meta":{"footnotes":""},"categories":[262],"tags":[],"class_list":["post-5521","post","type-post","status-publish","format-standard","hentry","category-nyheter"],"_links":{"self":[{"href":"https:\/\/www.ifmarinvast.se\/orientering\/wp-json\/wp\/v2\/posts\/5521","targetHints":{"allow":["GET"]}}],"collection":[{"href":"https:\/\/www.ifmarinvast.se\/orientering\/wp-json\/wp\/v2\/posts"}],"about":[{"href":"https:\/\/www.ifmarinvast.se\/orientering\/wp-json\/wp\/v2\/types\/post"}],"author":[{"embeddable":true,"href":"https:\/\/www.ifmarinvast.se\/orientering\/wp-json\/wp\/v2\/users\/4"}],"replies":[{"embeddable":true,"href":"https:\/\/www.ifmarinvast.se\/orientering\/wp-json\/wp\/v2\/comments?post=5521"}],"version-history":[{"count":1,"href":"https:\/\/www.ifmarinvast.se\/orientering\/wp-json\/wp\/v2\/posts\/5521\/revisions"}],"predecessor-version":[{"id":5522,"href":"https:\/\/www.ifmarinvast.se\/orientering\/wp-json\/wp\/v2\/posts\/5521\/revisions\/5522"}],"wp:attachment":[{"href":"https:\/\/www.ifmarinvast.se\/orientering\/wp-json\/wp\/v2\/media?parent=5521"}],"wp:term":[{"taxonomy":"category","embeddable":true,"href":"https:\/\/www.ifmarinvast.se\/orientering\/wp-json\/wp\/v2\/categories?post=5521"},{"taxonomy":"post_tag","embeddable":true,"href":"https:\/\/www.ifmarinvast.se\/orientering\/wp-json\/wp\/v2\/tags?post=5521"}],"curies":[{"name":"wp","href":"https:\/\/api.w.org\/{rel}","templated":true}]}}