{"id":552,"date":"2003-07-17T00:00:00","date_gmt":"2003-07-16T22:00:00","guid":{"rendered":"http:\/\/ifmarinvast.se\/2016\/o-ringen-narmar-sig\/"},"modified":"2015-10-11T14:46:45","modified_gmt":"2015-10-11T12:46:45","slug":"o-ringen-narmar-sig","status":"publish","type":"post","link":"https:\/\/www.ifmarinvast.se\/orientering\/o-ringen-narmar-sig\/","title":{"rendered":"O-ringen n\u00e4rmar sig"},"content":{"rendered":"<p><img src='http:\/\/www.oringen.com\/images\/oringen2003.gif' target='left'>L\u00f6rdag den 19 juli b\u00f6rjar v\u00e4rldens st\u00f6rsta orienteringst\u00e4vling. O-ringen g\u00e5r i \u00e5r i Bohusl\u00e4n-Dal, med Uddevalla som centralort. 27 l\u00f6pare \u00e4r anm\u00e4lda fr\u00e5n IF Marin V\u00e4st, och n\u00e5gra till kommer att anm\u00e4la sig p\u00e5 plats.<br \/>L\u00e4s mer om femdagarst\u00e4vlingen p\u00e5 <a href='http:\/\/www.oringen.com\/t23.asp?p=20428' target=_blank'>www.oringen.com \u00bb<\/a><br \/><a href='http:\/\/oringen2003.alternativet.nu\/startlista.asp?visa=sok&#038;sortera=Efternamn' target='_blank'>Starttider f\u00f6r IF Marin V\u00e4st \u00bb<\/a><\/p>\n","protected":false},"excerpt":{"rendered":"<p>L\u00f6rdag den 19 juli b\u00f6rjar v\u00e4rldens st\u00f6rsta orienteringst\u00e4vling. O-ringen g\u00e5r i \u00e5r i Bohusl\u00e4n-Dal, med Uddevalla som centralort. 27 l\u00f6pare \u00e4r anm\u00e4lda fr\u00e5n IF Marin V\u00e4st, och n\u00e5gra till kommer [&hellip;]<\/p>\n","protected":false},"author":2,"featured_media":0,"comment_status":"open","ping_status":"open","sticky":false,"template":"","format":"standard","meta":{"footnotes":""},"categories":[262,1],"tags":[],"class_list":["post-552","post","type-post","status-publish","format-standard","hentry","category-nyheter","category-okategoriserade"],"_links":{"self":[{"href":"https:\/\/www.ifmarinvast.se\/orientering\/wp-json\/wp\/v2\/posts\/552","targetHints":{"allow":["GET"]}}],"collection":[{"href":"https:\/\/www.ifmarinvast.se\/orientering\/wp-json\/wp\/v2\/posts"}],"about":[{"href":"https:\/\/www.ifmarinvast.se\/orientering\/wp-json\/wp\/v2\/types\/post"}],"author":[{"embeddable":true,"href":"https:\/\/www.ifmarinvast.se\/orientering\/wp-json\/wp\/v2\/users\/2"}],"replies":[{"embeddable":true,"href":"https:\/\/www.ifmarinvast.se\/orientering\/wp-json\/wp\/v2\/comments?post=552"}],"version-history":[{"count":1,"href":"https:\/\/www.ifmarinvast.se\/orientering\/wp-json\/wp\/v2\/posts\/552\/revisions"}],"predecessor-version":[{"id":3155,"href":"https:\/\/www.ifmarinvast.se\/orientering\/wp-json\/wp\/v2\/posts\/552\/revisions\/3155"}],"wp:attachment":[{"href":"https:\/\/www.ifmarinvast.se\/orientering\/wp-json\/wp\/v2\/media?parent=552"}],"wp:term":[{"taxonomy":"category","embeddable":true,"href":"https:\/\/www.ifmarinvast.se\/orientering\/wp-json\/wp\/v2\/categories?post=552"},{"taxonomy":"post_tag","embeddable":true,"href":"https:\/\/www.ifmarinvast.se\/orientering\/wp-json\/wp\/v2\/tags?post=552"}],"curies":[{"name":"wp","href":"https:\/\/api.w.org\/{rel}","templated":true}]}}