{"id":546,"date":"2014-07-23T13:51:56","date_gmt":"2014-07-23T11:51:56","guid":{"rendered":"http:\/\/ifmvorientering.wordpress.com\/?p=546"},"modified":"2015-10-11T14:13:41","modified_gmt":"2015-10-11T12:13:41","slug":"levrasjon-den-grona-sjon-vid-bromolla","status":"publish","type":"post","link":"https:\/\/www.ifmarinvast.se\/orientering\/levrasjon-den-grona-sjon-vid-bromolla\/","title":{"rendered":"Levrasj\u00f6n &#8211; den gr\u00f6na sj\u00f6n vid Brom\u00f6lla"},"content":{"rendered":"<p><a href=\"https:\/\/ifmvorientering.files.wordpress.com\/2014\/07\/wpid-dsc_0084.jpg\"><img decoding=\"async\" title=\"DSC_0084.JPG\" class=\"alignnone size-full\" alt=\"image\" src=\"https:\/\/ifmvorientering.files.wordpress.com\/2014\/07\/wpid-dsc_0084.jpg\" \/><\/a><\/p>\n<p>Stilstudier!<\/p>\n<p><a href=\"https:\/\/ifmvorientering.files.wordpress.com\/2014\/07\/wpid-dsc_0085.jpg\"><img decoding=\"async\" title=\"DSC_0085.JPG\" class=\"alignnone size-full\" alt=\"image\" src=\"https:\/\/ifmvorientering.files.wordpress.com\/2014\/07\/wpid-dsc_0085.jpg\" \/><\/a><\/p>\n<p><a href=\"https:\/\/ifmvorientering.files.wordpress.com\/2014\/07\/wpid-dsc_0088.jpg\"><img decoding=\"async\" title=\"DSC_0088.JPG\" class=\"alignnone size-full\" alt=\"image\" src=\"https:\/\/ifmvorientering.files.wordpress.com\/2014\/07\/wpid-dsc_0088.jpg\" \/><\/a><\/p>\n<p><a href=\"https:\/\/ifmvorientering.files.wordpress.com\/2014\/07\/wpid-dsc_0089.jpg\"><img decoding=\"async\" title=\"DSC_0089.JPG\" class=\"alignnone size-full\" alt=\"image\" src=\"https:\/\/ifmvorientering.files.wordpress.com\/2014\/07\/wpid-dsc_0089.jpg\" \/><\/a><\/p>\n<p><a href=\"https:\/\/ifmvorientering.files.wordpress.com\/2014\/07\/wpid-dsc_0090.jpg\"><img decoding=\"async\" title=\"DSC_0090.JPG\" class=\"alignnone size-full\" alt=\"image\" src=\"https:\/\/ifmvorientering.files.wordpress.com\/2014\/07\/wpid-dsc_0090.jpg\" \/><\/a><\/p>\n<p><a href=\"https:\/\/ifmvorientering.files.wordpress.com\/2014\/07\/wpid-dsc_0091.jpg\"><img decoding=\"async\" title=\"DSC_0091.JPG\" class=\"alignnone size-full\" alt=\"image\" src=\"https:\/\/ifmvorientering.files.wordpress.com\/2014\/07\/wpid-dsc_0091.jpg\" \/><\/a><\/p>\n","protected":false},"excerpt":{"rendered":"<p>Stilstudier!<\/p>\n","protected":false},"author":2,"featured_media":0,"comment_status":"open","ping_status":"open","sticky":false,"template":"","format":"standard","meta":{"footnotes":""},"categories":[263],"tags":[30,41,134,270,239],"class_list":["post-546","post","type-post","status-publish","format-standard","hentry","category-bloggen","tag-bad","tag-bromolla","tag-levrasjon","tag-o-ringen-skane-2014","tag-vilodag"],"_links":{"self":[{"href":"https:\/\/www.ifmarinvast.se\/orientering\/wp-json\/wp\/v2\/posts\/546","targetHints":{"allow":["GET"]}}],"collection":[{"href":"https:\/\/www.ifmarinvast.se\/orientering\/wp-json\/wp\/v2\/posts"}],"about":[{"href":"https:\/\/www.ifmarinvast.se\/orientering\/wp-json\/wp\/v2\/types\/post"}],"author":[{"embeddable":true,"href":"https:\/\/www.ifmarinvast.se\/orientering\/wp-json\/wp\/v2\/users\/2"}],"replies":[{"embeddable":true,"href":"https:\/\/www.ifmarinvast.se\/orientering\/wp-json\/wp\/v2\/comments?post=546"}],"version-history":[{"count":1,"href":"https:\/\/www.ifmarinvast.se\/orientering\/wp-json\/wp\/v2\/posts\/546\/revisions"}],"predecessor-version":[{"id":3008,"href":"https:\/\/www.ifmarinvast.se\/orientering\/wp-json\/wp\/v2\/posts\/546\/revisions\/3008"}],"wp:attachment":[{"href":"https:\/\/www.ifmarinvast.se\/orientering\/wp-json\/wp\/v2\/media?parent=546"}],"wp:term":[{"taxonomy":"category","embeddable":true,"href":"https:\/\/www.ifmarinvast.se\/orientering\/wp-json\/wp\/v2\/categories?post=546"},{"taxonomy":"post_tag","embeddable":true,"href":"https:\/\/www.ifmarinvast.se\/orientering\/wp-json\/wp\/v2\/tags?post=546"}],"curies":[{"name":"wp","href":"https:\/\/api.w.org\/{rel}","templated":true}]}}