{"id":5453,"date":"2019-09-24T14:55:36","date_gmt":"2019-09-24T12:55:36","guid":{"rendered":"http:\/\/www.ifmarinvast.se\/orientering\/?p=5453"},"modified":"2019-09-26T08:21:24","modified_gmt":"2019-09-26T06:21:24","slug":"orienteringstraning-28-september-i-sisjon","status":"publish","type":"post","link":"https:\/\/www.ifmarinvast.se\/orientering\/orienteringstraning-28-september-i-sisjon\/","title":{"rendered":"Orienteringstr\u00e4ning 28 september i Sisj\u00f6n"},"content":{"rendered":"\n<p> Samling den 28 september klockan 11.00 vid <strong>Sisj\u00f6ns badplats<\/strong>. <br> Vi kommer att springa orienteringsbanor som anv\u00e4ndes p\u00e5 OL-skyttet\u00e4vlingen som f\u00f6reningen arrangerade i v\u00e5ras. Ta med fika. Modiga badar.<\/p>\n","protected":false},"excerpt":{"rendered":"<p>Samling den 28 september klockan 11.00 vid Sisj\u00f6ns badplats. Vi kommer att springa orienteringsbanor som anv\u00e4ndes p\u00e5 OL-skyttet\u00e4vlingen som f\u00f6reningen arrangerade i v\u00e5ras. Ta med fika. Modiga badar.<\/p>\n","protected":false},"author":4,"featured_media":0,"comment_status":"open","ping_status":"closed","sticky":false,"template":"","format":"standard","meta":{"footnotes":""},"categories":[262],"tags":[],"class_list":["post-5453","post","type-post","status-publish","format-standard","hentry","category-nyheter"],"_links":{"self":[{"href":"https:\/\/www.ifmarinvast.se\/orientering\/wp-json\/wp\/v2\/posts\/5453","targetHints":{"allow":["GET"]}}],"collection":[{"href":"https:\/\/www.ifmarinvast.se\/orientering\/wp-json\/wp\/v2\/posts"}],"about":[{"href":"https:\/\/www.ifmarinvast.se\/orientering\/wp-json\/wp\/v2\/types\/post"}],"author":[{"embeddable":true,"href":"https:\/\/www.ifmarinvast.se\/orientering\/wp-json\/wp\/v2\/users\/4"}],"replies":[{"embeddable":true,"href":"https:\/\/www.ifmarinvast.se\/orientering\/wp-json\/wp\/v2\/comments?post=5453"}],"version-history":[{"count":3,"href":"https:\/\/www.ifmarinvast.se\/orientering\/wp-json\/wp\/v2\/posts\/5453\/revisions"}],"predecessor-version":[{"id":5457,"href":"https:\/\/www.ifmarinvast.se\/orientering\/wp-json\/wp\/v2\/posts\/5453\/revisions\/5457"}],"wp:attachment":[{"href":"https:\/\/www.ifmarinvast.se\/orientering\/wp-json\/wp\/v2\/media?parent=5453"}],"wp:term":[{"taxonomy":"category","embeddable":true,"href":"https:\/\/www.ifmarinvast.se\/orientering\/wp-json\/wp\/v2\/categories?post=5453"},{"taxonomy":"post_tag","embeddable":true,"href":"https:\/\/www.ifmarinvast.se\/orientering\/wp-json\/wp\/v2\/tags?post=5453"}],"curies":[{"name":"wp","href":"https:\/\/api.w.org\/{rel}","templated":true}]}}