{"id":5450,"date":"2019-09-10T08:28:18","date_gmt":"2019-09-10T06:28:18","guid":{"rendered":"http:\/\/www.ifmarinvast.se\/orientering\/?p=5450"},"modified":"2019-09-10T08:28:20","modified_gmt":"2019-09-10T06:28:20","slug":"mojligt-att-starta-fran-17-30-pa-tisdagstraningen-den-17-september","status":"publish","type":"post","link":"https:\/\/www.ifmarinvast.se\/orientering\/mojligt-att-starta-fran-17-30-pa-tisdagstraningen-den-17-september\/","title":{"rendered":"M\u00f6jligt att starta fr\u00e5n 17.30 p\u00e5 Tisdagstr\u00e4ningen den 17 september"},"content":{"rendered":"\n<p>Med tanke p\u00e5 att det blivit lite m\u00f6rkare h\u00e4lsar Staffan att det g\u00e5r att starta fr\u00e5n kl 17.30 om man vill p\u00e5 Tisdagstr\u00e4ningen den 17 september.<\/p>\n","protected":false},"excerpt":{"rendered":"<p>Med tanke p\u00e5 att det blivit lite m\u00f6rkare h\u00e4lsar Staffan att det g\u00e5r att starta fr\u00e5n kl 17.30 om man vill p\u00e5 Tisdagstr\u00e4ningen den 17 september.<\/p>\n","protected":false},"author":4,"featured_media":0,"comment_status":"open","ping_status":"closed","sticky":false,"template":"","format":"standard","meta":{"footnotes":""},"categories":[262],"tags":[],"class_list":["post-5450","post","type-post","status-publish","format-standard","hentry","category-nyheter"],"_links":{"self":[{"href":"https:\/\/www.ifmarinvast.se\/orientering\/wp-json\/wp\/v2\/posts\/5450","targetHints":{"allow":["GET"]}}],"collection":[{"href":"https:\/\/www.ifmarinvast.se\/orientering\/wp-json\/wp\/v2\/posts"}],"about":[{"href":"https:\/\/www.ifmarinvast.se\/orientering\/wp-json\/wp\/v2\/types\/post"}],"author":[{"embeddable":true,"href":"https:\/\/www.ifmarinvast.se\/orientering\/wp-json\/wp\/v2\/users\/4"}],"replies":[{"embeddable":true,"href":"https:\/\/www.ifmarinvast.se\/orientering\/wp-json\/wp\/v2\/comments?post=5450"}],"version-history":[{"count":1,"href":"https:\/\/www.ifmarinvast.se\/orientering\/wp-json\/wp\/v2\/posts\/5450\/revisions"}],"predecessor-version":[{"id":5451,"href":"https:\/\/www.ifmarinvast.se\/orientering\/wp-json\/wp\/v2\/posts\/5450\/revisions\/5451"}],"wp:attachment":[{"href":"https:\/\/www.ifmarinvast.se\/orientering\/wp-json\/wp\/v2\/media?parent=5450"}],"wp:term":[{"taxonomy":"category","embeddable":true,"href":"https:\/\/www.ifmarinvast.se\/orientering\/wp-json\/wp\/v2\/categories?post=5450"},{"taxonomy":"post_tag","embeddable":true,"href":"https:\/\/www.ifmarinvast.se\/orientering\/wp-json\/wp\/v2\/tags?post=5450"}],"curies":[{"name":"wp","href":"https:\/\/api.w.org\/{rel}","templated":true}]}}