{"id":543,"date":"2003-06-25T00:00:00","date_gmt":"2003-06-24T22:00:00","guid":{"rendered":"http:\/\/ifmarinvast.se\/2016\/hostens-klubblager\/"},"modified":"2015-10-11T14:46:45","modified_gmt":"2015-10-11T12:46:45","slug":"hostens-klubblager","status":"publish","type":"post","link":"https:\/\/www.ifmarinvast.se\/orientering\/hostens-klubblager\/","title":{"rendered":"H\u00d6STENS KLUBBL\u00c4GER"},"content":{"rendered":"<p>H\u00f6stens ungdomsl\u00e4ger kommer att \u00e4ga rum p\u00e5 K\u00e4ns\u00f6 5 &#8211; 7 september (fredag kv\u00e4ll &#8211; s\u00f6ndag middag). F\u00f6r\u00e4ndrade f\u00f6ruts\u00e4ttningar medf\u00f6r att vi inte kommer att kunna sk\u00f6ta math\u00e5llningen sj\u00e4lva. Vi k\u00f6per tj\u00e4nsten p\u00e5 plats. Det medf\u00f6r kraftigt \u00f6kade kostnader. Vi kommer d\u00e4rf\u00f6r att ta ut en avgift p\u00e5 minst 200 kr per deltagare. Alla f\u00f6ruts\u00e4ttningar \u00e4r \u00e4nnu inte klara s\u00e5 vi \u00e5terkommer kring skolstarten med ytterligare informationer. Eventuella synpunkter till Bengt D.<\/p>\n","protected":false},"excerpt":{"rendered":"<p>H\u00f6stens ungdomsl\u00e4ger kommer att \u00e4ga rum p\u00e5 K\u00e4ns\u00f6 5 &#8211; 7 september (fredag kv\u00e4ll &#8211; s\u00f6ndag middag). F\u00f6r\u00e4ndrade f\u00f6ruts\u00e4ttningar medf\u00f6r att vi inte kommer att kunna sk\u00f6ta math\u00e5llningen sj\u00e4lva. Vi [&hellip;]<\/p>\n","protected":false},"author":2,"featured_media":0,"comment_status":"open","ping_status":"open","sticky":false,"template":"","format":"standard","meta":{"footnotes":""},"categories":[262,1],"tags":[],"class_list":["post-543","post","type-post","status-publish","format-standard","hentry","category-nyheter","category-okategoriserade"],"_links":{"self":[{"href":"https:\/\/www.ifmarinvast.se\/orientering\/wp-json\/wp\/v2\/posts\/543","targetHints":{"allow":["GET"]}}],"collection":[{"href":"https:\/\/www.ifmarinvast.se\/orientering\/wp-json\/wp\/v2\/posts"}],"about":[{"href":"https:\/\/www.ifmarinvast.se\/orientering\/wp-json\/wp\/v2\/types\/post"}],"author":[{"embeddable":true,"href":"https:\/\/www.ifmarinvast.se\/orientering\/wp-json\/wp\/v2\/users\/2"}],"replies":[{"embeddable":true,"href":"https:\/\/www.ifmarinvast.se\/orientering\/wp-json\/wp\/v2\/comments?post=543"}],"version-history":[{"count":1,"href":"https:\/\/www.ifmarinvast.se\/orientering\/wp-json\/wp\/v2\/posts\/543\/revisions"}],"predecessor-version":[{"id":1654,"href":"https:\/\/www.ifmarinvast.se\/orientering\/wp-json\/wp\/v2\/posts\/543\/revisions\/1654"}],"wp:attachment":[{"href":"https:\/\/www.ifmarinvast.se\/orientering\/wp-json\/wp\/v2\/media?parent=543"}],"wp:term":[{"taxonomy":"category","embeddable":true,"href":"https:\/\/www.ifmarinvast.se\/orientering\/wp-json\/wp\/v2\/categories?post=543"},{"taxonomy":"post_tag","embeddable":true,"href":"https:\/\/www.ifmarinvast.se\/orientering\/wp-json\/wp\/v2\/tags?post=543"}],"curies":[{"name":"wp","href":"https:\/\/api.w.org\/{rel}","templated":true}]}}