{"id":541,"date":"2003-06-12T00:00:00","date_gmt":"2003-06-11T22:00:00","guid":{"rendered":"http:\/\/ifmarinvast.se\/2016\/441\/"},"modified":"2015-10-11T14:46:46","modified_gmt":"2015-10-11T12:46:46","slug":"441","status":"publish","type":"post","link":"https:\/\/www.ifmarinvast.se\/orientering\/441\/","title":{"rendered":"Nu \u00e4r det absolut sista chansen att anm\u00e4la sig t&#8230;"},"content":{"rendered":"<p>Nu \u00e4r det <u>absolut<\/u> sista chansen att anm\u00e4la sig till avslutningen 14 juni vid K\u00e5sj\u00f6n. Har ni gl\u00f6mt att anm\u00e4la er s\u00e5 har ni chansen fram till fredag kv\u00e4ll kl 20.00 till n\u00e5gon av FO-ledarna. Tala g\u00e4rna om hur m\u00e5nga som kommer fr\u00e5n familjen s\u00e5 vi vet hur mycket fika och kartor vi ska ordna.<br \/>V\u00e4lkomna!<\/p>\n","protected":false},"excerpt":{"rendered":"<p>Nu \u00e4r det absolut sista chansen att anm\u00e4la sig till avslutningen 14 juni vid K\u00e5sj\u00f6n. Har ni gl\u00f6mt att anm\u00e4la er s\u00e5 har ni chansen fram till fredag kv\u00e4ll kl [&hellip;]<\/p>\n","protected":false},"author":2,"featured_media":0,"comment_status":"open","ping_status":"open","sticky":false,"template":"","format":"standard","meta":{"footnotes":""},"categories":[262,1],"tags":[],"class_list":["post-541","post","type-post","status-publish","format-standard","hentry","category-nyheter","category-okategoriserade"],"_links":{"self":[{"href":"https:\/\/www.ifmarinvast.se\/orientering\/wp-json\/wp\/v2\/posts\/541","targetHints":{"allow":["GET"]}}],"collection":[{"href":"https:\/\/www.ifmarinvast.se\/orientering\/wp-json\/wp\/v2\/posts"}],"about":[{"href":"https:\/\/www.ifmarinvast.se\/orientering\/wp-json\/wp\/v2\/types\/post"}],"author":[{"embeddable":true,"href":"https:\/\/www.ifmarinvast.se\/orientering\/wp-json\/wp\/v2\/users\/2"}],"replies":[{"embeddable":true,"href":"https:\/\/www.ifmarinvast.se\/orientering\/wp-json\/wp\/v2\/comments?post=541"}],"version-history":[{"count":1,"href":"https:\/\/www.ifmarinvast.se\/orientering\/wp-json\/wp\/v2\/posts\/541\/revisions"}],"predecessor-version":[{"id":1652,"href":"https:\/\/www.ifmarinvast.se\/orientering\/wp-json\/wp\/v2\/posts\/541\/revisions\/1652"}],"wp:attachment":[{"href":"https:\/\/www.ifmarinvast.se\/orientering\/wp-json\/wp\/v2\/media?parent=541"}],"wp:term":[{"taxonomy":"category","embeddable":true,"href":"https:\/\/www.ifmarinvast.se\/orientering\/wp-json\/wp\/v2\/categories?post=541"},{"taxonomy":"post_tag","embeddable":true,"href":"https:\/\/www.ifmarinvast.se\/orientering\/wp-json\/wp\/v2\/tags?post=541"}],"curies":[{"name":"wp","href":"https:\/\/api.w.org\/{rel}","templated":true}]}}