{"id":539,"date":"2003-06-03T00:00:00","date_gmt":"2003-06-02T22:00:00","guid":{"rendered":"http:\/\/ifmarinvast.se\/2016\/bilder-fran-o-ringenboendet\/"},"modified":"2015-10-11T14:46:46","modified_gmt":"2015-10-11T12:46:46","slug":"bilder-fran-o-ringenboendet","status":"publish","type":"post","link":"https:\/\/www.ifmarinvast.se\/orientering\/bilder-fran-o-ringenboendet\/","title":{"rendered":"Bilder fr\u00e5n O-Ringenboendet"},"content":{"rendered":"<p>Anita har h\u00e4lsat p\u00e5 i HAIFs klubbstuga och tagit n\u00e5gra bilder och skrivit om booendet. <a href='http:\/\/www.ifmv.nu\/aktuellt\/oringen2003\/'>L\u00e4s mer p\u00e5 O-Ringensidan<\/a>.<\/p>\n","protected":false},"excerpt":{"rendered":"<p>Anita har h\u00e4lsat p\u00e5 i HAIFs klubbstuga och tagit n\u00e5gra bilder och skrivit om booendet. L\u00e4s mer p\u00e5 O-Ringensidan.<\/p>\n","protected":false},"author":2,"featured_media":0,"comment_status":"open","ping_status":"open","sticky":false,"template":"","format":"standard","meta":{"footnotes":""},"categories":[262,1],"tags":[],"class_list":["post-539","post","type-post","status-publish","format-standard","hentry","category-nyheter","category-okategoriserade"],"_links":{"self":[{"href":"https:\/\/www.ifmarinvast.se\/orientering\/wp-json\/wp\/v2\/posts\/539","targetHints":{"allow":["GET"]}}],"collection":[{"href":"https:\/\/www.ifmarinvast.se\/orientering\/wp-json\/wp\/v2\/posts"}],"about":[{"href":"https:\/\/www.ifmarinvast.se\/orientering\/wp-json\/wp\/v2\/types\/post"}],"author":[{"embeddable":true,"href":"https:\/\/www.ifmarinvast.se\/orientering\/wp-json\/wp\/v2\/users\/2"}],"replies":[{"embeddable":true,"href":"https:\/\/www.ifmarinvast.se\/orientering\/wp-json\/wp\/v2\/comments?post=539"}],"version-history":[{"count":1,"href":"https:\/\/www.ifmarinvast.se\/orientering\/wp-json\/wp\/v2\/posts\/539\/revisions"}],"predecessor-version":[{"id":1650,"href":"https:\/\/www.ifmarinvast.se\/orientering\/wp-json\/wp\/v2\/posts\/539\/revisions\/1650"}],"wp:attachment":[{"href":"https:\/\/www.ifmarinvast.se\/orientering\/wp-json\/wp\/v2\/media?parent=539"}],"wp:term":[{"taxonomy":"category","embeddable":true,"href":"https:\/\/www.ifmarinvast.se\/orientering\/wp-json\/wp\/v2\/categories?post=539"},{"taxonomy":"post_tag","embeddable":true,"href":"https:\/\/www.ifmarinvast.se\/orientering\/wp-json\/wp\/v2\/tags?post=539"}],"curies":[{"name":"wp","href":"https:\/\/api.w.org\/{rel}","templated":true}]}}