{"id":5378,"date":"2019-08-19T10:48:23","date_gmt":"2019-08-19T08:48:23","guid":{"rendered":"http:\/\/www.ifmarinvast.se\/orientering\/?p=5378"},"modified":"2019-08-19T10:48:25","modified_gmt":"2019-08-19T08:48:25","slug":"27-augusti-borjar-tisdagstraningarna","status":"publish","type":"post","link":"https:\/\/www.ifmarinvast.se\/orientering\/27-augusti-borjar-tisdagstraningarna\/","title":{"rendered":"27 augusti b\u00f6rjar tisdagstr\u00e4ningarna"},"content":{"rendered":"\n<p> Den 27 augusti b\u00f6rjar tisdagstr\u00e4ningarna igen efter sommaruppeh\u00e5llet.<\/p>\n\n\n\n<p><strong>Start <\/strong>fr\u00e5n klockan 18.00.<br><strong>Samling<\/strong>: <a href=\"https:\/\/www.ifmarinvast.se\/orientering\/kalender\/tisdagstraning-samling-grimmeredsvagen-lonsegardsvagen\/\">Korsningen Grimmeredsv\u00e4gen\/Lonseg\u00e5rdsv\u00e4gen d\u00e4r l\u00f6pslingan b\u00f6rjar.<\/a><br><strong>Karta<\/strong>: Ruddalen 1:7500<br><strong>Banor<\/strong>: Vit, gul, orange, bl\u00e5 <\/p>\n\n\n\n<p><\/p>\n","protected":false},"excerpt":{"rendered":"<p>Den 27 augusti b\u00f6rjar tisdagstr\u00e4ningarna igen efter sommaruppeh\u00e5llet. Start fr\u00e5n klockan 18.00.Samling: Korsningen Grimmeredsv\u00e4gen\/Lonseg\u00e5rdsv\u00e4gen d\u00e4r l\u00f6pslingan b\u00f6rjar.Karta: Ruddalen 1:7500Banor: Vit, gul, orange, bl\u00e5<\/p>\n","protected":false},"author":4,"featured_media":0,"comment_status":"open","ping_status":"closed","sticky":false,"template":"","format":"standard","meta":{"footnotes":""},"categories":[262],"tags":[],"class_list":["post-5378","post","type-post","status-publish","format-standard","hentry","category-nyheter"],"_links":{"self":[{"href":"https:\/\/www.ifmarinvast.se\/orientering\/wp-json\/wp\/v2\/posts\/5378","targetHints":{"allow":["GET"]}}],"collection":[{"href":"https:\/\/www.ifmarinvast.se\/orientering\/wp-json\/wp\/v2\/posts"}],"about":[{"href":"https:\/\/www.ifmarinvast.se\/orientering\/wp-json\/wp\/v2\/types\/post"}],"author":[{"embeddable":true,"href":"https:\/\/www.ifmarinvast.se\/orientering\/wp-json\/wp\/v2\/users\/4"}],"replies":[{"embeddable":true,"href":"https:\/\/www.ifmarinvast.se\/orientering\/wp-json\/wp\/v2\/comments?post=5378"}],"version-history":[{"count":2,"href":"https:\/\/www.ifmarinvast.se\/orientering\/wp-json\/wp\/v2\/posts\/5378\/revisions"}],"predecessor-version":[{"id":5380,"href":"https:\/\/www.ifmarinvast.se\/orientering\/wp-json\/wp\/v2\/posts\/5378\/revisions\/5380"}],"wp:attachment":[{"href":"https:\/\/www.ifmarinvast.se\/orientering\/wp-json\/wp\/v2\/media?parent=5378"}],"wp:term":[{"taxonomy":"category","embeddable":true,"href":"https:\/\/www.ifmarinvast.se\/orientering\/wp-json\/wp\/v2\/categories?post=5378"},{"taxonomy":"post_tag","embeddable":true,"href":"https:\/\/www.ifmarinvast.se\/orientering\/wp-json\/wp\/v2\/tags?post=5378"}],"curies":[{"name":"wp","href":"https:\/\/api.w.org\/{rel}","templated":true}]}}